{"id":183,"date":"2025-01-06T07:32:28","date_gmt":"2025-01-06T10:32:28","guid":{"rendered":"https:\/\/www.sinovaclatam.com\/?p=183"},"modified":"2025-05-16T10:53:55","modified_gmt":"2025-05-16T13:53:55","slug":"sinovac-facilitou-o-acesso-dos-paises-do-hemisferio-sul-as-vacinas-contra-a-covid-19","status":"publish","type":"post","link":"https:\/\/www.sinovaclatam.com\/es\/sinovac-facilitou-o-acesso-dos-paises-do-hemisferio-sul-as-vacinas-contra-a-covid-19\/","title":{"rendered":"Sinovac facilitou o acesso dos pa\u00edses do Hemisf\u00e9rio Sul \u00e0s vacinas contra a COVID-19"},"content":{"rendered":"\n<p><em>Segura e eficaz, com doses que n\u00e3o precisam de refrigera\u00e7\u00e3o, empresa possibilitou que mesmo moradores de regi\u00f5es remotas fossem imunizados, num per\u00edodo em que outros imunizantes chegavam apenas a pa\u00edses ricos\u00a0<\/em><\/p>\n\n\n\n<p><br>Mesmo um pa\u00eds que tenha muitas doses de vacina \u00e0 disposi\u00e7\u00e3o ainda precisa faz\u00ea-las chegar \u00e0 popula\u00e7\u00e3o. Na Am\u00e9rica do Sul, com alguns dos maiores rios do mundo, montanhas e florestas, levar os imunizantes para todo o territ\u00f3rio, muitas vezes em lugares remotos, foi um grande desafio.\u00a0<\/p>\n\n\n\n<p>Nesse contexto, a Sinovac se mostrou uma aliada e tanto de governos nacionais e locais e seus sistemas de sa\u00fade. Podendo ser armazenada por at\u00e9 42 dias a 25<sup>o<\/sup> C, a vacina possibilitou que popula\u00e7\u00f5es ind\u00edgenas e ribeirinhas, por exemplo, pudessem ser vacinadas.&nbsp;<\/p>\n\n\n\n<blockquote class=\"wp-block-quote is-layout-flow wp-block-quote-is-layout-flow\">\n<p>\u00abNossa capacidade de distribuir vacinas em extremas condi\u00e7\u00f5es na China, que tem regi\u00f5es desafiadoras assim como no Brasil, combinada com nossa experi\u00eancia durante a pandemia, nos d\u00e1 confian\u00e7a para garantir uma distribui\u00e7\u00e3o de vacinas irretoc\u00e1vel, mesmo em regi\u00f5es remotas como a Amaz\u00f4nia\u201d, afirma Weining Meng, vice-presidente da Sinovac e representante da empresa no Brasil.<\/p>\n<\/blockquote>\n\n\n\n<p>Enquanto outras vacinas chegaram primeiro na Europa e Estados Unidos, os mercados mais ricos, ainda no final de 2020, a Sinovac trouxe a primeira vacina contra a COVID-19 para a Am\u00e9rica Latina.<\/p>\n\n\n\n<p>\u201cO Butantan foi o primeiro fornecedor de vacinas contra a Covid-19 para a Am\u00e9rica Latina. Foi uma estrat\u00e9gia de transfer\u00eancia de tecnologia que nos favoreceu muito\u201d, <a href=\"https:\/\/butantan.gov.br\/noticias\/com-coronavac-butantan-ajudou-a-controlar-a-pandemia-na-america-latina-diz-representante-da-opas-no-brasil\"><strong>apontou<\/strong><\/a> a ent\u00e3o coordenadora da Unidade T\u00e9cnica de Medicamentos, Tecnologia e Pesquisa da Organiza\u00e7\u00e3o Pan-Americana de Sa\u00fade (OPAS), Maria de los Angeles Cort\u00e9s, durante visita ao Instituto Butantan em 2022.\u00a0<\/p>\n\n\n\n<p>Um estudo <a href=\"https:\/\/www.sciencedirect.com\/science\/article\/pii\/S1413867024001399\"><strong>divulgado<\/strong><\/a> em agosto de 2024, que avaliou 2163 volunt\u00e1rios entre vacinados e n\u00e3o vacinados, mostrou que a efic\u00e1cia da vacina da Sinovac em prevenir casos moderados e leves de COVID-19 foi de 91%.\u00a0<\/p>\n\n\n\n<p>Quando chegou ao Brasil, algumas informa\u00e7\u00f5es equivocadas geraram d\u00favidas em parte da popula\u00e7\u00e3o. Ainda assim, a vacina provou sua import\u00e2ncia no combate \u00e0 pandemia e continua sendo aplicada no Programa Nacional de Imuniza\u00e7\u00f5es.&nbsp;<\/p>\n\n\n\n<p>Tr\u00eas anos ap\u00f3s o in\u00edcio da vacina\u00e7\u00e3o, permanece como uma op\u00e7\u00e3o recomendada, inclusive, para pessoas com menos de 40 anos. No final de 2022, o Minist\u00e9rio da Sa\u00fade, seguindo exemplos de pa\u00edses como Reino Unido e Estados Unidos, passou a sugerir a substitui\u00e7\u00e3o de outras duas marcas de vacinas para esse grupo et\u00e1rio nas doses de refor\u00e7o, devido ao risco de trombose observado ap\u00f3s a aplica\u00e7\u00e3o.<\/p>\n\n\n\n<p>Na avalia\u00e7\u00e3o de Gonzalo Vecina Neto, professor da Faculdade de Sa\u00fade P\u00fablica da Universidade de S\u00e3o Paulo (USP), fundador e ex-presidente da Ag\u00eancia Nacional de Vigil\u00e2ncia Sanit\u00e1ria (Anvisa), a situa\u00e7\u00e3o no Brasil era t\u00e3o cr\u00edtica em 2021 que qualquer vacina, desde que aprovada pelo \u00f3rg\u00e3o, seria bem-vinda.<\/p>\n\n\n\n<p>Mesmo nesse contexto, por\u00e9m, a parceria do Instituto Butantan com a Sinovac foi \u201cmuito inteligente\u201d, dado o hist\u00f3rico da empresa chinesa, fundada em 2001, na produ\u00e7\u00e3o de vacinas. E tamb\u00e9m pelo fato de n\u00e3o necessitar de refrigera\u00e7\u00e3o em baix\u00edssimas temperaturas, como era o caso de outras vacinas que se apresentavam no mercado naquele momento.<\/p>\n\n\n\n<p><strong>Aliada perfeita<\/strong><\/p>\n\n\n\n<p>Antes que fosse fabricada no Brasil pela parceira da Sinovac no pa\u00eds, o Instituto Butantan, as primeiras 10,8 milh\u00f5es de doses foram importadas da China. Ap\u00f3s esse per\u00edodo, passaram a ser fabricadas na institui\u00e7\u00e3o paulista, uma das mais respeitadas do mundo, chegando a 125 milh\u00f5es de doses no total.<\/p>\n\n\n\n<p>Em outros pa\u00edses da Am\u00e9rica do Sul, a vacina tamb\u00e9m foi estrat\u00e9gica para atender popula\u00e7\u00f5es espalhadas nos cantos mais rec\u00f4nditos do continente. Era o momento em que a variante Gama, ent\u00e3o conhecida como P.1, se originara em Manaus e ca\u00eda por terra a possibilidade de uma imunidade de rebanho, como chegou-se a acreditar que aconteceria com o SARS-CoV-2.&nbsp;<\/p>\n\n\n\n<p>\u201cAlguns ainda insistiam que a contamina\u00e7\u00e3o do maior n\u00famero poss\u00edvel de pessoas levaria \u00e0 imunidade de rebanho. A Gama acabou de vez com essa perspectiva, uma vez que ela surge e aumenta o n\u00famero de mortes, justamente quando a maior parte da popula\u00e7\u00e3o de Manaus j\u00e1 havia tido contato com o v\u00edrus\u201d, lembra Vecina.<\/p>\n\n\n\n<p>O enorme desafio de conduzir vacina\u00e7\u00f5es em larga escala na Amaz\u00f4nia, dado o isolamento de muitas comunidades e a infraestrutura prec\u00e1ria de navega\u00e7\u00e3o por rios e as poucas estradas, precisava ser superado. A Sinovac foi a aliada perfeita.<\/p>\n\n\n\n<p><strong>Crian\u00e7as<\/strong><\/p>\n\n\n\n<p>A vacina da Sinovac foi autorizada para uso no Brasil no dia 17 de janeiro de 2021. Um ano depois, a Anvisa autorizou a amplia\u00e7\u00e3o do uso da vacina para crian\u00e7as e adolescentes de 6 a 17 anos de idade. Ainda em mar\u00e7o de 2022, o Instituto Butantan solicitou a amplia\u00e7\u00e3o do uso para crian\u00e7as de 3 a 5 anos.<\/p>\n\n\n\n<p>A aprova\u00e7\u00e3o, por unanimidade, veio no dia 13 de julho e inclu\u00eda mesmo crian\u00e7as imunossuprimidas e com comorbidades. A decis\u00e3o se baseava em estudos cl\u00ednicos e em dados epidemiol\u00f3gicos que demonstraram a efetividade e a seguran\u00e7a no p\u00fablico infantil.&nbsp;<\/p>\n\n\n\n<p>No Chile, a vacina havia sido a mais segura para as crian\u00e7as e teve a menor taxa de eventos adversos registrada. Outros pa\u00edses como China, Col\u00f4mbia, Tail\u00e2ndia, Camboja e Equador j\u00e1 haviam administrado as doses em crian\u00e7as de 3 anos ou mais. A partir de 2023, crian\u00e7as a partir de 6 meses passaram a poder ser vacinadas contra a COVID-19.<\/p>\n\n\n\n<p>At\u00e9 outubro de 2024, mais de cinco milh\u00f5es de crian\u00e7as de 6 meses a 11 anos de idade haviam sido vacinadas com tr\u00eas doses contra a COVID-19. Entre 12 e 17 anos, eram pouco mais de 6,5 milh\u00f5es, segundo o <strong><a href=\"https:\/\/infoms.saude.gov.br\/extensions\/SEIDIGI_DEMAS_COBERTURA_COVID_RESIDENCIA\/SEIDIGI_DEMAS_COBERTURA_COVID_RESIDENCIA.html.\">Minist\u00e9rio da Sa\u00fade<\/a><\/strong>.<\/p>\n\n\n\n<p>A Sinovac teve papel central no encerramento da pandemia, tanto no Brasil quanto no cen\u00e1rio global. Sua ado\u00e7\u00e3o em diversos pa\u00edses do Hemisf\u00e9rio Sul ajudou a equilibrar a distribui\u00e7\u00e3o de vacinas mundialmente, contribuindo para uma resposta mais equitativa \u00e0 crise da COVID-19.<\/p>\n","protected":false},"excerpt":{"rendered":"<p>Segura e eficaz, com doses que n\u00e3o precisam de refrigera\u00e7\u00e3o, empresa possibilitou que mesmo moradores de regi\u00f5es remotas fossem imunizados, num per\u00edodo em que outros imunizantes chegavam apenas a pa\u00edses ricos\u00a0 Mesmo um pa\u00eds que tenha muitas doses de vacina \u00e0 disposi\u00e7\u00e3o ainda precisa faz\u00ea-las chegar \u00e0 popula\u00e7\u00e3o. Na Am\u00e9rica do Sul, com alguns dos<\/p>\n","protected":false},"author":5,"featured_media":1187,"comment_status":"closed","ping_status":"closed","sticky":false,"template":"","format":"standard","meta":{"_acf_changed":false,"footnotes":""},"categories":[13,10,12],"tags":[],"class_list":["post-183","post","type-post","status-publish","format-standard","has-post-thumbnail","hentry","category-brasil","category-saude","category-sinovac"],"acf":[],"yoast_head":"<!-- This site is optimized with the Yoast SEO plugin v27.4 - https:\/\/yoast.com\/product\/yoast-seo-wordpress\/ -->\n<title>Sinovac facilitou o acesso dos pa\u00edses do Hemisf\u00e9rio Sul \u00e0s vacinas contra a COVID-19 - SINOVAC LATAM<\/title>\n<meta name=\"robots\" content=\"index, follow, max-snippet:-1, max-image-preview:large, max-video-preview:-1\" \/>\n<link rel=\"canonical\" href=\"https:\/\/www.sinovaclatam.com\/es\/sinovac-facilitou-o-acesso-dos-paises-do-hemisferio-sul-as-vacinas-contra-a-covid-19\/\" \/>\n<meta property=\"og:locale\" content=\"es_ES\" \/>\n<meta property=\"og:type\" content=\"article\" \/>\n<meta property=\"og:title\" content=\"Sinovac facilitou o acesso dos pa\u00edses do Hemisf\u00e9rio Sul \u00e0s vacinas contra a COVID-19 - SINOVAC LATAM\" \/>\n<meta property=\"og:description\" content=\"Segura e eficaz, com doses que n\u00e3o precisam de refrigera\u00e7\u00e3o, empresa possibilitou que mesmo moradores de regi\u00f5es remotas fossem imunizados, num per\u00edodo em que outros imunizantes chegavam apenas a pa\u00edses ricos\u00a0 Mesmo um pa\u00eds que tenha muitas doses de vacina \u00e0 disposi\u00e7\u00e3o ainda precisa faz\u00ea-las chegar \u00e0 popula\u00e7\u00e3o. Na Am\u00e9rica do Sul, com alguns dos\" \/>\n<meta property=\"og:url\" content=\"https:\/\/www.sinovaclatam.com\/es\/sinovac-facilitou-o-acesso-dos-paises-do-hemisferio-sul-as-vacinas-contra-a-covid-19\/\" \/>\n<meta property=\"og:site_name\" content=\"SINOVAC LATAM\" \/>\n<meta property=\"article:published_time\" content=\"2025-01-06T10:32:28+00:00\" \/>\n<meta property=\"article:modified_time\" content=\"2025-05-16T13:53:55+00:00\" \/>\n<meta property=\"og:image\" content=\"https:\/\/www.sinovaclatam.com\/wp-content\/uploads\/2024\/10\/inicio_da_vacinacao_infantil_com_a_coronavac_51831413907-scaled.jpg\" \/>\n\t<meta property=\"og:image:width\" content=\"2560\" \/>\n\t<meta property=\"og:image:height\" content=\"1707\" \/>\n\t<meta property=\"og:image:type\" content=\"image\/jpeg\" \/>\n<meta name=\"author\" content=\"SINOVAC\" \/>\n<meta name=\"twitter:card\" content=\"summary_large_image\" \/>\n<meta name=\"twitter:label1\" content=\"Escrito por\" \/>\n\t<meta name=\"twitter:data1\" content=\"SINOVAC\" \/>\n\t<meta name=\"twitter:label2\" content=\"Tiempo de lectura\" \/>\n\t<meta name=\"twitter:data2\" content=\"6 minutos\" \/>\n<script type=\"application\/ld+json\" class=\"yoast-schema-graph\">{\"@context\":\"https:\\\/\\\/schema.org\",\"@graph\":[{\"@type\":\"Article\",\"@id\":\"https:\\\/\\\/www.sinovaclatam.com\\\/es\\\/sinovac-facilitou-o-acesso-dos-paises-do-hemisferio-sul-as-vacinas-contra-a-covid-19\\\/#article\",\"isPartOf\":{\"@id\":\"https:\\\/\\\/www.sinovaclatam.com\\\/es\\\/sinovac-facilitou-o-acesso-dos-paises-do-hemisferio-sul-as-vacinas-contra-a-covid-19\\\/\"},\"author\":{\"name\":\"SINOVAC\",\"@id\":\"https:\\\/\\\/www.sinovaclatam.com\\\/es\\\/#\\\/schema\\\/person\\\/24b4c4993a7d5c4326e21d418bc58e06\"},\"headline\":\"Sinovac facilitou o acesso dos pa\u00edses do Hemisf\u00e9rio Sul \u00e0s vacinas contra a COVID-19\",\"datePublished\":\"2025-01-06T10:32:28+00:00\",\"dateModified\":\"2025-05-16T13:53:55+00:00\",\"mainEntityOfPage\":{\"@id\":\"https:\\\/\\\/www.sinovaclatam.com\\\/es\\\/sinovac-facilitou-o-acesso-dos-paises-do-hemisferio-sul-as-vacinas-contra-a-covid-19\\\/\"},\"wordCount\":1055,\"image\":{\"@id\":\"https:\\\/\\\/www.sinovaclatam.com\\\/es\\\/sinovac-facilitou-o-acesso-dos-paises-do-hemisferio-sul-as-vacinas-contra-a-covid-19\\\/#primaryimage\"},\"thumbnailUrl\":\"https:\\\/\\\/www.sinovaclatam.com\\\/wp-content\\\/uploads\\\/2024\\\/10\\\/inicio_da_vacinacao_infantil_com_a_coronavac_51831413907-scaled.jpg\",\"articleSection\":[\"Brasil\",\"Sa\u00fade\",\"SINOVAC\"],\"inLanguage\":\"es\"},{\"@type\":\"WebPage\",\"@id\":\"https:\\\/\\\/www.sinovaclatam.com\\\/es\\\/sinovac-facilitou-o-acesso-dos-paises-do-hemisferio-sul-as-vacinas-contra-a-covid-19\\\/\",\"url\":\"https:\\\/\\\/www.sinovaclatam.com\\\/es\\\/sinovac-facilitou-o-acesso-dos-paises-do-hemisferio-sul-as-vacinas-contra-a-covid-19\\\/\",\"name\":\"Sinovac facilitou o acesso dos pa\u00edses do Hemisf\u00e9rio Sul \u00e0s vacinas contra a COVID-19 - SINOVAC LATAM\",\"isPartOf\":{\"@id\":\"https:\\\/\\\/www.sinovaclatam.com\\\/es\\\/#website\"},\"primaryImageOfPage\":{\"@id\":\"https:\\\/\\\/www.sinovaclatam.com\\\/es\\\/sinovac-facilitou-o-acesso-dos-paises-do-hemisferio-sul-as-vacinas-contra-a-covid-19\\\/#primaryimage\"},\"image\":{\"@id\":\"https:\\\/\\\/www.sinovaclatam.com\\\/es\\\/sinovac-facilitou-o-acesso-dos-paises-do-hemisferio-sul-as-vacinas-contra-a-covid-19\\\/#primaryimage\"},\"thumbnailUrl\":\"https:\\\/\\\/www.sinovaclatam.com\\\/wp-content\\\/uploads\\\/2024\\\/10\\\/inicio_da_vacinacao_infantil_com_a_coronavac_51831413907-scaled.jpg\",\"datePublished\":\"2025-01-06T10:32:28+00:00\",\"dateModified\":\"2025-05-16T13:53:55+00:00\",\"author\":{\"@id\":\"https:\\\/\\\/www.sinovaclatam.com\\\/es\\\/#\\\/schema\\\/person\\\/24b4c4993a7d5c4326e21d418bc58e06\"},\"breadcrumb\":{\"@id\":\"https:\\\/\\\/www.sinovaclatam.com\\\/es\\\/sinovac-facilitou-o-acesso-dos-paises-do-hemisferio-sul-as-vacinas-contra-a-covid-19\\\/#breadcrumb\"},\"inLanguage\":\"es\",\"potentialAction\":[{\"@type\":\"ReadAction\",\"target\":[\"https:\\\/\\\/www.sinovaclatam.com\\\/es\\\/sinovac-facilitou-o-acesso-dos-paises-do-hemisferio-sul-as-vacinas-contra-a-covid-19\\\/\"]}]},{\"@type\":\"ImageObject\",\"inLanguage\":\"es\",\"@id\":\"https:\\\/\\\/www.sinovaclatam.com\\\/es\\\/sinovac-facilitou-o-acesso-dos-paises-do-hemisferio-sul-as-vacinas-contra-a-covid-19\\\/#primaryimage\",\"url\":\"https:\\\/\\\/www.sinovaclatam.com\\\/wp-content\\\/uploads\\\/2024\\\/10\\\/inicio_da_vacinacao_infantil_com_a_coronavac_51831413907-scaled.jpg\",\"contentUrl\":\"https:\\\/\\\/www.sinovaclatam.com\\\/wp-content\\\/uploads\\\/2024\\\/10\\\/inicio_da_vacinacao_infantil_com_a_coronavac_51831413907-scaled.jpg\",\"width\":2560,\"height\":1707},{\"@type\":\"BreadcrumbList\",\"@id\":\"https:\\\/\\\/www.sinovaclatam.com\\\/es\\\/sinovac-facilitou-o-acesso-dos-paises-do-hemisferio-sul-as-vacinas-contra-a-covid-19\\\/#breadcrumb\",\"itemListElement\":[{\"@type\":\"ListItem\",\"position\":1,\"name\":\"In\u00edcio\",\"item\":\"https:\\\/\\\/www.sinovaclatam.com\\\/es\\\/\"},{\"@type\":\"ListItem\",\"position\":2,\"name\":\"Sinovac facilitou o acesso dos pa\u00edses do Hemisf\u00e9rio Sul \u00e0s vacinas contra a COVID-19\"}]},{\"@type\":\"WebSite\",\"@id\":\"https:\\\/\\\/www.sinovaclatam.com\\\/es\\\/#website\",\"url\":\"https:\\\/\\\/www.sinovaclatam.com\\\/es\\\/\",\"name\":\"Sinovac LATAM\",\"description\":\"\",\"potentialAction\":[{\"@type\":\"SearchAction\",\"target\":{\"@type\":\"EntryPoint\",\"urlTemplate\":\"https:\\\/\\\/www.sinovaclatam.com\\\/es\\\/?s={search_term_string}\"},\"query-input\":{\"@type\":\"PropertyValueSpecification\",\"valueRequired\":true,\"valueName\":\"search_term_string\"}}],\"inLanguage\":\"es\"},{\"@type\":\"Person\",\"@id\":\"https:\\\/\\\/www.sinovaclatam.com\\\/es\\\/#\\\/schema\\\/person\\\/24b4c4993a7d5c4326e21d418bc58e06\",\"name\":\"SINOVAC\",\"image\":{\"@type\":\"ImageObject\",\"inLanguage\":\"es\",\"@id\":\"https:\\\/\\\/secure.gravatar.com\\\/avatar\\\/0b4c1ab482789821b05f40eae6bf231b848259ee264adaa61e7b521d48216666?s=96&d=mm&r=g\",\"url\":\"https:\\\/\\\/secure.gravatar.com\\\/avatar\\\/0b4c1ab482789821b05f40eae6bf231b848259ee264adaa61e7b521d48216666?s=96&d=mm&r=g\",\"contentUrl\":\"https:\\\/\\\/secure.gravatar.com\\\/avatar\\\/0b4c1ab482789821b05f40eae6bf231b848259ee264adaa61e7b521d48216666?s=96&d=mm&r=g\",\"caption\":\"SINOVAC\"}}]}<\/script>\n<!-- \/ Yoast SEO plugin. -->","yoast_head_json":{"title":"Sinovac facilitou o acesso dos pa\u00edses do Hemisf\u00e9rio Sul \u00e0s vacinas contra a COVID-19 - SINOVAC LATAM","robots":{"index":"index","follow":"follow","max-snippet":"max-snippet:-1","max-image-preview":"max-image-preview:large","max-video-preview":"max-video-preview:-1"},"canonical":"https:\/\/www.sinovaclatam.com\/es\/sinovac-facilitou-o-acesso-dos-paises-do-hemisferio-sul-as-vacinas-contra-a-covid-19\/","og_locale":"es_ES","og_type":"article","og_title":"Sinovac facilitou o acesso dos pa\u00edses do Hemisf\u00e9rio Sul \u00e0s vacinas contra a COVID-19 - SINOVAC LATAM","og_description":"Segura e eficaz, com doses que n\u00e3o precisam de refrigera\u00e7\u00e3o, empresa possibilitou que mesmo moradores de regi\u00f5es remotas fossem imunizados, num per\u00edodo em que outros imunizantes chegavam apenas a pa\u00edses ricos\u00a0 Mesmo um pa\u00eds que tenha muitas doses de vacina \u00e0 disposi\u00e7\u00e3o ainda precisa faz\u00ea-las chegar \u00e0 popula\u00e7\u00e3o. Na Am\u00e9rica do Sul, com alguns dos","og_url":"https:\/\/www.sinovaclatam.com\/es\/sinovac-facilitou-o-acesso-dos-paises-do-hemisferio-sul-as-vacinas-contra-a-covid-19\/","og_site_name":"SINOVAC LATAM","article_published_time":"2025-01-06T10:32:28+00:00","article_modified_time":"2025-05-16T13:53:55+00:00","og_image":[{"width":2560,"height":1707,"url":"https:\/\/www.sinovaclatam.com\/wp-content\/uploads\/2024\/10\/inicio_da_vacinacao_infantil_com_a_coronavac_51831413907-scaled.jpg","type":"image\/jpeg"}],"author":"SINOVAC","twitter_card":"summary_large_image","twitter_misc":{"Escrito por":"SINOVAC","Tiempo de lectura":"6 minutos"},"schema":{"@context":"https:\/\/schema.org","@graph":[{"@type":"Article","@id":"https:\/\/www.sinovaclatam.com\/es\/sinovac-facilitou-o-acesso-dos-paises-do-hemisferio-sul-as-vacinas-contra-a-covid-19\/#article","isPartOf":{"@id":"https:\/\/www.sinovaclatam.com\/es\/sinovac-facilitou-o-acesso-dos-paises-do-hemisferio-sul-as-vacinas-contra-a-covid-19\/"},"author":{"name":"SINOVAC","@id":"https:\/\/www.sinovaclatam.com\/es\/#\/schema\/person\/24b4c4993a7d5c4326e21d418bc58e06"},"headline":"Sinovac facilitou o acesso dos pa\u00edses do Hemisf\u00e9rio Sul \u00e0s vacinas contra a COVID-19","datePublished":"2025-01-06T10:32:28+00:00","dateModified":"2025-05-16T13:53:55+00:00","mainEntityOfPage":{"@id":"https:\/\/www.sinovaclatam.com\/es\/sinovac-facilitou-o-acesso-dos-paises-do-hemisferio-sul-as-vacinas-contra-a-covid-19\/"},"wordCount":1055,"image":{"@id":"https:\/\/www.sinovaclatam.com\/es\/sinovac-facilitou-o-acesso-dos-paises-do-hemisferio-sul-as-vacinas-contra-a-covid-19\/#primaryimage"},"thumbnailUrl":"https:\/\/www.sinovaclatam.com\/wp-content\/uploads\/2024\/10\/inicio_da_vacinacao_infantil_com_a_coronavac_51831413907-scaled.jpg","articleSection":["Brasil","Sa\u00fade","SINOVAC"],"inLanguage":"es"},{"@type":"WebPage","@id":"https:\/\/www.sinovaclatam.com\/es\/sinovac-facilitou-o-acesso-dos-paises-do-hemisferio-sul-as-vacinas-contra-a-covid-19\/","url":"https:\/\/www.sinovaclatam.com\/es\/sinovac-facilitou-o-acesso-dos-paises-do-hemisferio-sul-as-vacinas-contra-a-covid-19\/","name":"Sinovac facilitou o acesso dos pa\u00edses do Hemisf\u00e9rio Sul \u00e0s vacinas contra a COVID-19 - SINOVAC LATAM","isPartOf":{"@id":"https:\/\/www.sinovaclatam.com\/es\/#website"},"primaryImageOfPage":{"@id":"https:\/\/www.sinovaclatam.com\/es\/sinovac-facilitou-o-acesso-dos-paises-do-hemisferio-sul-as-vacinas-contra-a-covid-19\/#primaryimage"},"image":{"@id":"https:\/\/www.sinovaclatam.com\/es\/sinovac-facilitou-o-acesso-dos-paises-do-hemisferio-sul-as-vacinas-contra-a-covid-19\/#primaryimage"},"thumbnailUrl":"https:\/\/www.sinovaclatam.com\/wp-content\/uploads\/2024\/10\/inicio_da_vacinacao_infantil_com_a_coronavac_51831413907-scaled.jpg","datePublished":"2025-01-06T10:32:28+00:00","dateModified":"2025-05-16T13:53:55+00:00","author":{"@id":"https:\/\/www.sinovaclatam.com\/es\/#\/schema\/person\/24b4c4993a7d5c4326e21d418bc58e06"},"breadcrumb":{"@id":"https:\/\/www.sinovaclatam.com\/es\/sinovac-facilitou-o-acesso-dos-paises-do-hemisferio-sul-as-vacinas-contra-a-covid-19\/#breadcrumb"},"inLanguage":"es","potentialAction":[{"@type":"ReadAction","target":["https:\/\/www.sinovaclatam.com\/es\/sinovac-facilitou-o-acesso-dos-paises-do-hemisferio-sul-as-vacinas-contra-a-covid-19\/"]}]},{"@type":"ImageObject","inLanguage":"es","@id":"https:\/\/www.sinovaclatam.com\/es\/sinovac-facilitou-o-acesso-dos-paises-do-hemisferio-sul-as-vacinas-contra-a-covid-19\/#primaryimage","url":"https:\/\/www.sinovaclatam.com\/wp-content\/uploads\/2024\/10\/inicio_da_vacinacao_infantil_com_a_coronavac_51831413907-scaled.jpg","contentUrl":"https:\/\/www.sinovaclatam.com\/wp-content\/uploads\/2024\/10\/inicio_da_vacinacao_infantil_com_a_coronavac_51831413907-scaled.jpg","width":2560,"height":1707},{"@type":"BreadcrumbList","@id":"https:\/\/www.sinovaclatam.com\/es\/sinovac-facilitou-o-acesso-dos-paises-do-hemisferio-sul-as-vacinas-contra-a-covid-19\/#breadcrumb","itemListElement":[{"@type":"ListItem","position":1,"name":"In\u00edcio","item":"https:\/\/www.sinovaclatam.com\/es\/"},{"@type":"ListItem","position":2,"name":"Sinovac facilitou o acesso dos pa\u00edses do Hemisf\u00e9rio Sul \u00e0s vacinas contra a COVID-19"}]},{"@type":"WebSite","@id":"https:\/\/www.sinovaclatam.com\/es\/#website","url":"https:\/\/www.sinovaclatam.com\/es\/","name":"Sinovac LATAM","description":"","potentialAction":[{"@type":"SearchAction","target":{"@type":"EntryPoint","urlTemplate":"https:\/\/www.sinovaclatam.com\/es\/?s={search_term_string}"},"query-input":{"@type":"PropertyValueSpecification","valueRequired":true,"valueName":"search_term_string"}}],"inLanguage":"es"},{"@type":"Person","@id":"https:\/\/www.sinovaclatam.com\/es\/#\/schema\/person\/24b4c4993a7d5c4326e21d418bc58e06","name":"SINOVAC","image":{"@type":"ImageObject","inLanguage":"es","@id":"https:\/\/secure.gravatar.com\/avatar\/0b4c1ab482789821b05f40eae6bf231b848259ee264adaa61e7b521d48216666?s=96&d=mm&r=g","url":"https:\/\/secure.gravatar.com\/avatar\/0b4c1ab482789821b05f40eae6bf231b848259ee264adaa61e7b521d48216666?s=96&d=mm&r=g","contentUrl":"https:\/\/secure.gravatar.com\/avatar\/0b4c1ab482789821b05f40eae6bf231b848259ee264adaa61e7b521d48216666?s=96&d=mm&r=g","caption":"SINOVAC"}}]}},"_links":{"self":[{"href":"https:\/\/www.sinovaclatam.com\/es\/wp-json\/wp\/v2\/posts\/183","targetHints":{"allow":["GET"]}}],"collection":[{"href":"https:\/\/www.sinovaclatam.com\/es\/wp-json\/wp\/v2\/posts"}],"about":[{"href":"https:\/\/www.sinovaclatam.com\/es\/wp-json\/wp\/v2\/types\/post"}],"author":[{"embeddable":true,"href":"https:\/\/www.sinovaclatam.com\/es\/wp-json\/wp\/v2\/users\/5"}],"replies":[{"embeddable":true,"href":"https:\/\/www.sinovaclatam.com\/es\/wp-json\/wp\/v2\/comments?post=183"}],"version-history":[{"count":2,"href":"https:\/\/www.sinovaclatam.com\/es\/wp-json\/wp\/v2\/posts\/183\/revisions"}],"predecessor-version":[{"id":1189,"href":"https:\/\/www.sinovaclatam.com\/es\/wp-json\/wp\/v2\/posts\/183\/revisions\/1189"}],"wp:featuredmedia":[{"embeddable":true,"href":"https:\/\/www.sinovaclatam.com\/es\/wp-json\/wp\/v2\/media\/1187"}],"wp:attachment":[{"href":"https:\/\/www.sinovaclatam.com\/es\/wp-json\/wp\/v2\/media?parent=183"}],"wp:term":[{"taxonomy":"category","embeddable":true,"href":"https:\/\/www.sinovaclatam.com\/es\/wp-json\/wp\/v2\/categories?post=183"},{"taxonomy":"post_tag","embeddable":true,"href":"https:\/\/www.sinovaclatam.com\/es\/wp-json\/wp\/v2\/tags?post=183"}],"curies":[{"name":"wp","href":"https:\/\/api.w.org\/{rel}","templated":true}]}}