{"id":184,"date":"2025-02-21T07:33:00","date_gmt":"2025-02-21T10:33:00","guid":{"rendered":"https:\/\/www.sinovaclatam.com\/?p=184"},"modified":"2025-05-16T10:53:29","modified_gmt":"2025-05-16T13:53:29","slug":"sinovac-estabelece-parceria-com-tecpar-para-fortalecer-a-producao-local-de-vacinas","status":"publish","type":"post","link":"https:\/\/www.sinovaclatam.com\/es\/sinovac-estabelece-parceria-com-tecpar-para-fortalecer-a-producao-local-de-vacinas\/","title":{"rendered":"Sinovac estabelece parceria com Tecpar para fortalecer a produ\u00e7\u00e3o local de vacinas"},"content":{"rendered":"\n<p><em>Acordo entre a multinacional chinesa e o Instituto Estadual prev\u00ea formula\u00e7\u00e3o e envase de imunizantes contra raiva, poliomielite, varicela e doen\u00e7as pneumoc\u00f3cicas<\/em><\/p>\n\n\n\n<p><strong>S\u00e3o Paulo, 21 de fevereiro de 2025 &#8211; <\/strong>A Sinovac, farmac\u00eautica multinacional, e o Instituto de Tecnologia do Paran\u00e1 (Tecpar) anunciam a assinatura de um acordo que prev\u00ea o fortalecimento da produ\u00e7\u00e3o local de vacinas e maior incentivo \u00e0 ind\u00fastria brasileira. O documento foi firmado durante evento na obra do Parque Tecnol\u00f3gico Industrial da Sa\u00fade do Tecpar, em Maring\u00e1, e contou com a presen\u00e7a da ministra da Sa\u00fade, N\u00edsia Trindade. Inicialmente, o acordo prev\u00ea que as duas empresas trabalhem em conjunto em projetos com vistas \u00e0 formula\u00e7\u00e3o e o envase de vacinas virais para doen\u00e7as como raiva, poliomielite e varicela, e vacinas bacterianas para doen\u00e7as pneumoc\u00f3cicas.<\/p>\n\n\n\n<p>\u201cA Sinovac tem orgulho de firmar essa parceria com o Tecpar e de compor essa frente de trabalho de institui\u00e7\u00f5es que atuam de forma eficiente na estrutura\u00e7\u00e3o de plataformas tecnol\u00f3gicas para a produ\u00e7\u00e3o local de vacinas\u201d, comenta Cintia Lucci, Diretora Institucional S\u00eanior para Am\u00e9rica Latina. Cintia ainda refor\u00e7a que a colabora\u00e7\u00e3o visa tamb\u00e9m o desenvolvimento de uma ind\u00fastria autossuficiente que gera empregos, inova\u00e7\u00e3o e competitividade, al\u00e9m de reduzir a depend\u00eancia de insumos importados e assegurar uma resposta \u00e1gil a futuras crises de sa\u00fade.<\/p>\n\n\n\n<figure class=\"wp-block-gallery has-nested-images columns-default is-cropped wp-block-gallery-1 is-layout-flex wp-block-gallery-is-layout-flex\">\n<figure class=\"wp-block-image size-large\"><img loading=\"lazy\" decoding=\"async\" width=\"1024\" height=\"683\" data-id=\"1163\" src=\"https:\/\/www.sinovaclatam.com\/wp-content\/uploads\/2024\/10\/img_9070-1024x683.jpg\" alt=\"\" class=\"wp-image-1163\" srcset=\"https:\/\/www.sinovaclatam.com\/wp-content\/uploads\/2024\/10\/img_9070-1024x683.jpg 1024w, https:\/\/www.sinovaclatam.com\/wp-content\/uploads\/2024\/10\/img_9070-300x200.jpg 300w, https:\/\/www.sinovaclatam.com\/wp-content\/uploads\/2024\/10\/img_9070-768x512.jpg 768w, https:\/\/www.sinovaclatam.com\/wp-content\/uploads\/2024\/10\/img_9070-1536x1024.jpg 1536w, https:\/\/www.sinovaclatam.com\/wp-content\/uploads\/2024\/10\/img_9070-2048x1365.jpg 2048w\" sizes=\"auto, (max-width: 1024px) 100vw, 1024px\" \/><\/figure>\n\n\n\n<figure class=\"wp-block-image size-large\"><img loading=\"lazy\" decoding=\"async\" width=\"1024\" height=\"683\" data-id=\"1165\" src=\"https:\/\/www.sinovaclatam.com\/wp-content\/uploads\/2024\/10\/img_9014-1024x683.jpg\" alt=\"\" class=\"wp-image-1165\" srcset=\"https:\/\/www.sinovaclatam.com\/wp-content\/uploads\/2024\/10\/img_9014-1024x683.jpg 1024w, https:\/\/www.sinovaclatam.com\/wp-content\/uploads\/2024\/10\/img_9014-300x200.jpg 300w, https:\/\/www.sinovaclatam.com\/wp-content\/uploads\/2024\/10\/img_9014-768x512.jpg 768w, https:\/\/www.sinovaclatam.com\/wp-content\/uploads\/2024\/10\/img_9014-1536x1024.jpg 1536w, https:\/\/www.sinovaclatam.com\/wp-content\/uploads\/2024\/10\/img_9014-2048x1365.jpg 2048w\" sizes=\"auto, (max-width: 1024px) 100vw, 1024px\" \/><\/figure>\n<\/figure>\n\n\n\n<p>Em junho de 2024, durante sess\u00e3o plen\u00e1ria da Comiss\u00e3o Sino-Brasileira de Alto N\u00edvel de Concerta\u00e7\u00e3o e Coopera\u00e7\u00e3o (COSBAN), na presen\u00e7a do vice-presidente Geraldo Alckmin, a Sinovac j\u00e1 havia anunciado o interesse em investir US$100 milh\u00f5es no Brasil em demais projetos de P&amp;D e produ\u00e7\u00e3o local. Selecionada por meio de um chamamento p\u00fablico conduzido pelo Tecpar, a Sinovac consolida com essa parceria a possibilidade de investimento na constru\u00e7\u00e3o de instala\u00e7\u00f5es para a produ\u00e7\u00e3o de vacinas e desenvolvimento de terapias avan\u00e7adas no pa\u00eds.<\/p>\n\n\n\n<p>Iram de Rezende, Diretor Industrial da Sa\u00fade do Tecpar, enfatizou a import\u00e2ncia desta parceria, refor\u00e7ando que \u201ceste acordo representa um marco para a autossufici\u00eancia e competitividade da ind\u00fastria brasileira de vacinas, especialmente em um momento em que a seguran\u00e7a sanit\u00e1ria e a sustentabilidade do PNI s\u00e3o temas priorit\u00e1rios para o pa\u00eds.\u201d<\/p>\n\n\n\n<p>Hoje, o Tecpar \u00e9 o laborat\u00f3rio p\u00fablico respons\u00e1vel pelo fornecimento da vacina antirr\u00e1bica veterin\u00e1ria ao Minist\u00e9rio da Sa\u00fade. Desenvolvido integralmente pelo instituto, este imunizante foi essencial no controle de casos de raiva em humanos e animais, destacando a expertise do Tecpar na produ\u00e7\u00e3o de vacinas.<\/p>\n\n\n\n<p>Ap\u00f3s a finaliza\u00e7\u00e3o da etapa de obras no Parque Tecnol\u00f3gico Industrial da Sa\u00fade do Tecpar, em Maring\u00e1, ser\u00e3o realizados novos investimentos, p\u00fablicos e privados, visando a produ\u00e7\u00e3o de insumos estrat\u00e9gicos para o Minist\u00e9rio da Sa\u00fade, bem como parcerias para a Pesquisa e Desenvolvimento de novos produtos.<\/p>\n","protected":false},"excerpt":{"rendered":"<p>Acordo entre a multinacional chinesa e o Instituto Estadual prev\u00ea formula\u00e7\u00e3o e envase de imunizantes contra raiva, poliomielite, varicela e doen\u00e7as pneumoc\u00f3cicas S\u00e3o Paulo, 21 de fevereiro de 2025 &#8211; A Sinovac, farmac\u00eautica multinacional, e o Instituto de Tecnologia do Paran\u00e1 (Tecpar) anunciam a assinatura de um acordo que prev\u00ea o fortalecimento da produ\u00e7\u00e3o local<\/p>\n","protected":false},"author":5,"featured_media":1161,"comment_status":"closed","ping_status":"closed","sticky":false,"template":"","format":"standard","meta":{"_acf_changed":false,"footnotes":""},"categories":[13,12],"tags":[],"class_list":["post-184","post","type-post","status-publish","format-standard","has-post-thumbnail","hentry","category-brasil","category-sinovac"],"acf":[],"yoast_head":"<!-- This site is optimized with the Yoast SEO plugin v27.4 - https:\/\/yoast.com\/product\/yoast-seo-wordpress\/ -->\n<title>Sinovac estabelece parceria com Tecpar para fortalecer a produ\u00e7\u00e3o local de vacinas - SINOVAC LATAM<\/title>\n<meta name=\"description\" content=\"O documento foi firmado durante evento na obra do Parque Tecnol\u00f3gico Industrial da Sa\u00fade do Tecpar, em Maring\u00e1, e contou com a presen\u00e7a da ministra da Sa\u00fade, N\u00edsia Trindade.\" \/>\n<meta name=\"robots\" content=\"index, follow, max-snippet:-1, max-image-preview:large, max-video-preview:-1\" \/>\n<link rel=\"canonical\" href=\"https:\/\/www.sinovaclatam.com\/es\/sinovac-estabelece-parceria-com-tecpar-para-fortalecer-a-producao-local-de-vacinas\/\" \/>\n<meta property=\"og:locale\" content=\"es_ES\" \/>\n<meta property=\"og:type\" content=\"article\" \/>\n<meta property=\"og:title\" content=\"Sinovac estabelece parceria com Tecpar para fortalecer a produ\u00e7\u00e3o local de vacinas - SINOVAC LATAM\" \/>\n<meta property=\"og:description\" content=\"O documento foi firmado durante evento na obra do Parque Tecnol\u00f3gico Industrial da Sa\u00fade do Tecpar, em Maring\u00e1, e contou com a presen\u00e7a da ministra da Sa\u00fade, N\u00edsia Trindade.\" \/>\n<meta property=\"og:url\" content=\"https:\/\/www.sinovaclatam.com\/es\/sinovac-estabelece-parceria-com-tecpar-para-fortalecer-a-producao-local-de-vacinas\/\" \/>\n<meta property=\"og:site_name\" content=\"SINOVAC LATAM\" \/>\n<meta property=\"article:published_time\" content=\"2025-02-21T10:33:00+00:00\" \/>\n<meta property=\"article:modified_time\" content=\"2025-05-16T13:53:29+00:00\" \/>\n<meta property=\"og:image\" content=\"https:\/\/www.sinovaclatam.com\/wp-content\/uploads\/2024\/10\/img_9042-scaled.jpg\" \/>\n\t<meta property=\"og:image:width\" content=\"2560\" \/>\n\t<meta property=\"og:image:height\" content=\"1707\" \/>\n\t<meta property=\"og:image:type\" content=\"image\/jpeg\" \/>\n<meta name=\"author\" content=\"SINOVAC\" \/>\n<meta name=\"twitter:card\" content=\"summary_large_image\" \/>\n<meta name=\"twitter:label1\" content=\"Escrito por\" \/>\n\t<meta name=\"twitter:data1\" content=\"SINOVAC\" \/>\n\t<meta name=\"twitter:label2\" content=\"Tiempo de lectura\" \/>\n\t<meta name=\"twitter:data2\" content=\"3 minutos\" \/>\n<script type=\"application\/ld+json\" class=\"yoast-schema-graph\">{\"@context\":\"https:\\\/\\\/schema.org\",\"@graph\":[{\"@type\":\"Article\",\"@id\":\"https:\\\/\\\/www.sinovaclatam.com\\\/es\\\/sinovac-estabelece-parceria-com-tecpar-para-fortalecer-a-producao-local-de-vacinas\\\/#article\",\"isPartOf\":{\"@id\":\"https:\\\/\\\/www.sinovaclatam.com\\\/es\\\/sinovac-estabelece-parceria-com-tecpar-para-fortalecer-a-producao-local-de-vacinas\\\/\"},\"author\":{\"name\":\"SINOVAC\",\"@id\":\"https:\\\/\\\/www.sinovaclatam.com\\\/es\\\/#\\\/schema\\\/person\\\/24b4c4993a7d5c4326e21d418bc58e06\"},\"headline\":\"Sinovac estabelece parceria com Tecpar para fortalecer a produ\u00e7\u00e3o local de vacinas\",\"datePublished\":\"2025-02-21T10:33:00+00:00\",\"dateModified\":\"2025-05-16T13:53:29+00:00\",\"mainEntityOfPage\":{\"@id\":\"https:\\\/\\\/www.sinovaclatam.com\\\/es\\\/sinovac-estabelece-parceria-com-tecpar-para-fortalecer-a-producao-local-de-vacinas\\\/\"},\"wordCount\":516,\"image\":{\"@id\":\"https:\\\/\\\/www.sinovaclatam.com\\\/es\\\/sinovac-estabelece-parceria-com-tecpar-para-fortalecer-a-producao-local-de-vacinas\\\/#primaryimage\"},\"thumbnailUrl\":\"https:\\\/\\\/www.sinovaclatam.com\\\/wp-content\\\/uploads\\\/2024\\\/10\\\/img_9042-scaled.jpg\",\"articleSection\":[\"Brasil\",\"SINOVAC\"],\"inLanguage\":\"es\"},{\"@type\":\"WebPage\",\"@id\":\"https:\\\/\\\/www.sinovaclatam.com\\\/es\\\/sinovac-estabelece-parceria-com-tecpar-para-fortalecer-a-producao-local-de-vacinas\\\/\",\"url\":\"https:\\\/\\\/www.sinovaclatam.com\\\/es\\\/sinovac-estabelece-parceria-com-tecpar-para-fortalecer-a-producao-local-de-vacinas\\\/\",\"name\":\"Sinovac estabelece parceria com Tecpar para fortalecer a produ\u00e7\u00e3o local de vacinas - SINOVAC LATAM\",\"isPartOf\":{\"@id\":\"https:\\\/\\\/www.sinovaclatam.com\\\/es\\\/#website\"},\"primaryImageOfPage\":{\"@id\":\"https:\\\/\\\/www.sinovaclatam.com\\\/es\\\/sinovac-estabelece-parceria-com-tecpar-para-fortalecer-a-producao-local-de-vacinas\\\/#primaryimage\"},\"image\":{\"@id\":\"https:\\\/\\\/www.sinovaclatam.com\\\/es\\\/sinovac-estabelece-parceria-com-tecpar-para-fortalecer-a-producao-local-de-vacinas\\\/#primaryimage\"},\"thumbnailUrl\":\"https:\\\/\\\/www.sinovaclatam.com\\\/wp-content\\\/uploads\\\/2024\\\/10\\\/img_9042-scaled.jpg\",\"datePublished\":\"2025-02-21T10:33:00+00:00\",\"dateModified\":\"2025-05-16T13:53:29+00:00\",\"author\":{\"@id\":\"https:\\\/\\\/www.sinovaclatam.com\\\/es\\\/#\\\/schema\\\/person\\\/24b4c4993a7d5c4326e21d418bc58e06\"},\"description\":\"O documento foi firmado durante evento na obra do Parque Tecnol\u00f3gico Industrial da Sa\u00fade do Tecpar, em Maring\u00e1, e contou com a presen\u00e7a da ministra da Sa\u00fade, N\u00edsia Trindade.\",\"breadcrumb\":{\"@id\":\"https:\\\/\\\/www.sinovaclatam.com\\\/es\\\/sinovac-estabelece-parceria-com-tecpar-para-fortalecer-a-producao-local-de-vacinas\\\/#breadcrumb\"},\"inLanguage\":\"es\",\"potentialAction\":[{\"@type\":\"ReadAction\",\"target\":[\"https:\\\/\\\/www.sinovaclatam.com\\\/es\\\/sinovac-estabelece-parceria-com-tecpar-para-fortalecer-a-producao-local-de-vacinas\\\/\"]}]},{\"@type\":\"ImageObject\",\"inLanguage\":\"es\",\"@id\":\"https:\\\/\\\/www.sinovaclatam.com\\\/es\\\/sinovac-estabelece-parceria-com-tecpar-para-fortalecer-a-producao-local-de-vacinas\\\/#primaryimage\",\"url\":\"https:\\\/\\\/www.sinovaclatam.com\\\/wp-content\\\/uploads\\\/2024\\\/10\\\/img_9042-scaled.jpg\",\"contentUrl\":\"https:\\\/\\\/www.sinovaclatam.com\\\/wp-content\\\/uploads\\\/2024\\\/10\\\/img_9042-scaled.jpg\",\"width\":2560,\"height\":1707},{\"@type\":\"BreadcrumbList\",\"@id\":\"https:\\\/\\\/www.sinovaclatam.com\\\/es\\\/sinovac-estabelece-parceria-com-tecpar-para-fortalecer-a-producao-local-de-vacinas\\\/#breadcrumb\",\"itemListElement\":[{\"@type\":\"ListItem\",\"position\":1,\"name\":\"In\u00edcio\",\"item\":\"https:\\\/\\\/www.sinovaclatam.com\\\/es\\\/\"},{\"@type\":\"ListItem\",\"position\":2,\"name\":\"Sinovac estabelece parceria com Tecpar para fortalecer a produ\u00e7\u00e3o local de vacinas\"}]},{\"@type\":\"WebSite\",\"@id\":\"https:\\\/\\\/www.sinovaclatam.com\\\/es\\\/#website\",\"url\":\"https:\\\/\\\/www.sinovaclatam.com\\\/es\\\/\",\"name\":\"Sinovac LATAM\",\"description\":\"\",\"potentialAction\":[{\"@type\":\"SearchAction\",\"target\":{\"@type\":\"EntryPoint\",\"urlTemplate\":\"https:\\\/\\\/www.sinovaclatam.com\\\/es\\\/?s={search_term_string}\"},\"query-input\":{\"@type\":\"PropertyValueSpecification\",\"valueRequired\":true,\"valueName\":\"search_term_string\"}}],\"inLanguage\":\"es\"},{\"@type\":\"Person\",\"@id\":\"https:\\\/\\\/www.sinovaclatam.com\\\/es\\\/#\\\/schema\\\/person\\\/24b4c4993a7d5c4326e21d418bc58e06\",\"name\":\"SINOVAC\",\"image\":{\"@type\":\"ImageObject\",\"inLanguage\":\"es\",\"@id\":\"https:\\\/\\\/secure.gravatar.com\\\/avatar\\\/0b4c1ab482789821b05f40eae6bf231b848259ee264adaa61e7b521d48216666?s=96&d=mm&r=g\",\"url\":\"https:\\\/\\\/secure.gravatar.com\\\/avatar\\\/0b4c1ab482789821b05f40eae6bf231b848259ee264adaa61e7b521d48216666?s=96&d=mm&r=g\",\"contentUrl\":\"https:\\\/\\\/secure.gravatar.com\\\/avatar\\\/0b4c1ab482789821b05f40eae6bf231b848259ee264adaa61e7b521d48216666?s=96&d=mm&r=g\",\"caption\":\"SINOVAC\"}}]}<\/script>\n<!-- \/ Yoast SEO plugin. -->","yoast_head_json":{"title":"Sinovac estabelece parceria com Tecpar para fortalecer a produ\u00e7\u00e3o local de vacinas - SINOVAC LATAM","description":"O documento foi firmado durante evento na obra do Parque Tecnol\u00f3gico Industrial da Sa\u00fade do Tecpar, em Maring\u00e1, e contou com a presen\u00e7a da ministra da Sa\u00fade, N\u00edsia Trindade.","robots":{"index":"index","follow":"follow","max-snippet":"max-snippet:-1","max-image-preview":"max-image-preview:large","max-video-preview":"max-video-preview:-1"},"canonical":"https:\/\/www.sinovaclatam.com\/es\/sinovac-estabelece-parceria-com-tecpar-para-fortalecer-a-producao-local-de-vacinas\/","og_locale":"es_ES","og_type":"article","og_title":"Sinovac estabelece parceria com Tecpar para fortalecer a produ\u00e7\u00e3o local de vacinas - SINOVAC LATAM","og_description":"O documento foi firmado durante evento na obra do Parque Tecnol\u00f3gico Industrial da Sa\u00fade do Tecpar, em Maring\u00e1, e contou com a presen\u00e7a da ministra da Sa\u00fade, N\u00edsia Trindade.","og_url":"https:\/\/www.sinovaclatam.com\/es\/sinovac-estabelece-parceria-com-tecpar-para-fortalecer-a-producao-local-de-vacinas\/","og_site_name":"SINOVAC LATAM","article_published_time":"2025-02-21T10:33:00+00:00","article_modified_time":"2025-05-16T13:53:29+00:00","og_image":[{"width":2560,"height":1707,"url":"https:\/\/www.sinovaclatam.com\/wp-content\/uploads\/2024\/10\/img_9042-scaled.jpg","type":"image\/jpeg"}],"author":"SINOVAC","twitter_card":"summary_large_image","twitter_misc":{"Escrito por":"SINOVAC","Tiempo de lectura":"3 minutos"},"schema":{"@context":"https:\/\/schema.org","@graph":[{"@type":"Article","@id":"https:\/\/www.sinovaclatam.com\/es\/sinovac-estabelece-parceria-com-tecpar-para-fortalecer-a-producao-local-de-vacinas\/#article","isPartOf":{"@id":"https:\/\/www.sinovaclatam.com\/es\/sinovac-estabelece-parceria-com-tecpar-para-fortalecer-a-producao-local-de-vacinas\/"},"author":{"name":"SINOVAC","@id":"https:\/\/www.sinovaclatam.com\/es\/#\/schema\/person\/24b4c4993a7d5c4326e21d418bc58e06"},"headline":"Sinovac estabelece parceria com Tecpar para fortalecer a produ\u00e7\u00e3o local de vacinas","datePublished":"2025-02-21T10:33:00+00:00","dateModified":"2025-05-16T13:53:29+00:00","mainEntityOfPage":{"@id":"https:\/\/www.sinovaclatam.com\/es\/sinovac-estabelece-parceria-com-tecpar-para-fortalecer-a-producao-local-de-vacinas\/"},"wordCount":516,"image":{"@id":"https:\/\/www.sinovaclatam.com\/es\/sinovac-estabelece-parceria-com-tecpar-para-fortalecer-a-producao-local-de-vacinas\/#primaryimage"},"thumbnailUrl":"https:\/\/www.sinovaclatam.com\/wp-content\/uploads\/2024\/10\/img_9042-scaled.jpg","articleSection":["Brasil","SINOVAC"],"inLanguage":"es"},{"@type":"WebPage","@id":"https:\/\/www.sinovaclatam.com\/es\/sinovac-estabelece-parceria-com-tecpar-para-fortalecer-a-producao-local-de-vacinas\/","url":"https:\/\/www.sinovaclatam.com\/es\/sinovac-estabelece-parceria-com-tecpar-para-fortalecer-a-producao-local-de-vacinas\/","name":"Sinovac estabelece parceria com Tecpar para fortalecer a produ\u00e7\u00e3o local de vacinas - SINOVAC LATAM","isPartOf":{"@id":"https:\/\/www.sinovaclatam.com\/es\/#website"},"primaryImageOfPage":{"@id":"https:\/\/www.sinovaclatam.com\/es\/sinovac-estabelece-parceria-com-tecpar-para-fortalecer-a-producao-local-de-vacinas\/#primaryimage"},"image":{"@id":"https:\/\/www.sinovaclatam.com\/es\/sinovac-estabelece-parceria-com-tecpar-para-fortalecer-a-producao-local-de-vacinas\/#primaryimage"},"thumbnailUrl":"https:\/\/www.sinovaclatam.com\/wp-content\/uploads\/2024\/10\/img_9042-scaled.jpg","datePublished":"2025-02-21T10:33:00+00:00","dateModified":"2025-05-16T13:53:29+00:00","author":{"@id":"https:\/\/www.sinovaclatam.com\/es\/#\/schema\/person\/24b4c4993a7d5c4326e21d418bc58e06"},"description":"O documento foi firmado durante evento na obra do Parque Tecnol\u00f3gico Industrial da Sa\u00fade do Tecpar, em Maring\u00e1, e contou com a presen\u00e7a da ministra da Sa\u00fade, N\u00edsia Trindade.","breadcrumb":{"@id":"https:\/\/www.sinovaclatam.com\/es\/sinovac-estabelece-parceria-com-tecpar-para-fortalecer-a-producao-local-de-vacinas\/#breadcrumb"},"inLanguage":"es","potentialAction":[{"@type":"ReadAction","target":["https:\/\/www.sinovaclatam.com\/es\/sinovac-estabelece-parceria-com-tecpar-para-fortalecer-a-producao-local-de-vacinas\/"]}]},{"@type":"ImageObject","inLanguage":"es","@id":"https:\/\/www.sinovaclatam.com\/es\/sinovac-estabelece-parceria-com-tecpar-para-fortalecer-a-producao-local-de-vacinas\/#primaryimage","url":"https:\/\/www.sinovaclatam.com\/wp-content\/uploads\/2024\/10\/img_9042-scaled.jpg","contentUrl":"https:\/\/www.sinovaclatam.com\/wp-content\/uploads\/2024\/10\/img_9042-scaled.jpg","width":2560,"height":1707},{"@type":"BreadcrumbList","@id":"https:\/\/www.sinovaclatam.com\/es\/sinovac-estabelece-parceria-com-tecpar-para-fortalecer-a-producao-local-de-vacinas\/#breadcrumb","itemListElement":[{"@type":"ListItem","position":1,"name":"In\u00edcio","item":"https:\/\/www.sinovaclatam.com\/es\/"},{"@type":"ListItem","position":2,"name":"Sinovac estabelece parceria com Tecpar para fortalecer a produ\u00e7\u00e3o local de vacinas"}]},{"@type":"WebSite","@id":"https:\/\/www.sinovaclatam.com\/es\/#website","url":"https:\/\/www.sinovaclatam.com\/es\/","name":"Sinovac LATAM","description":"","potentialAction":[{"@type":"SearchAction","target":{"@type":"EntryPoint","urlTemplate":"https:\/\/www.sinovaclatam.com\/es\/?s={search_term_string}"},"query-input":{"@type":"PropertyValueSpecification","valueRequired":true,"valueName":"search_term_string"}}],"inLanguage":"es"},{"@type":"Person","@id":"https:\/\/www.sinovaclatam.com\/es\/#\/schema\/person\/24b4c4993a7d5c4326e21d418bc58e06","name":"SINOVAC","image":{"@type":"ImageObject","inLanguage":"es","@id":"https:\/\/secure.gravatar.com\/avatar\/0b4c1ab482789821b05f40eae6bf231b848259ee264adaa61e7b521d48216666?s=96&d=mm&r=g","url":"https:\/\/secure.gravatar.com\/avatar\/0b4c1ab482789821b05f40eae6bf231b848259ee264adaa61e7b521d48216666?s=96&d=mm&r=g","contentUrl":"https:\/\/secure.gravatar.com\/avatar\/0b4c1ab482789821b05f40eae6bf231b848259ee264adaa61e7b521d48216666?s=96&d=mm&r=g","caption":"SINOVAC"}}]}},"_links":{"self":[{"href":"https:\/\/www.sinovaclatam.com\/es\/wp-json\/wp\/v2\/posts\/184","targetHints":{"allow":["GET"]}}],"collection":[{"href":"https:\/\/www.sinovaclatam.com\/es\/wp-json\/wp\/v2\/posts"}],"about":[{"href":"https:\/\/www.sinovaclatam.com\/es\/wp-json\/wp\/v2\/types\/post"}],"author":[{"embeddable":true,"href":"https:\/\/www.sinovaclatam.com\/es\/wp-json\/wp\/v2\/users\/5"}],"replies":[{"embeddable":true,"href":"https:\/\/www.sinovaclatam.com\/es\/wp-json\/wp\/v2\/comments?post=184"}],"version-history":[{"count":2,"href":"https:\/\/www.sinovaclatam.com\/es\/wp-json\/wp\/v2\/posts\/184\/revisions"}],"predecessor-version":[{"id":1167,"href":"https:\/\/www.sinovaclatam.com\/es\/wp-json\/wp\/v2\/posts\/184\/revisions\/1167"}],"wp:featuredmedia":[{"embeddable":true,"href":"https:\/\/www.sinovaclatam.com\/es\/wp-json\/wp\/v2\/media\/1161"}],"wp:attachment":[{"href":"https:\/\/www.sinovaclatam.com\/es\/wp-json\/wp\/v2\/media?parent=184"}],"wp:term":[{"taxonomy":"category","embeddable":true,"href":"https:\/\/www.sinovaclatam.com\/es\/wp-json\/wp\/v2\/categories?post=184"},{"taxonomy":"post_tag","embeddable":true,"href":"https:\/\/www.sinovaclatam.com\/es\/wp-json\/wp\/v2\/tags?post=184"}],"curies":[{"name":"wp","href":"https:\/\/api.w.org\/{rel}","templated":true}]}}