{"id":186,"date":"2024-11-20T22:30:00","date_gmt":"2024-11-21T01:30:00","guid":{"rendered":"https:\/\/www.sinovaclatam.com\/?p=186"},"modified":"2025-05-16T10:54:02","modified_gmt":"2025-05-16T13:54:02","slug":"sinovac-participa-de-jantar-com-lula-e-xi-jinping-no-palacio-do-itamaraty","status":"publish","type":"post","link":"https:\/\/www.sinovaclatam.com\/es\/sinovac-participa-de-jantar-com-lula-e-xi-jinping-no-palacio-do-itamaraty\/","title":{"rendered":"Sinovac participa de jantar com Lula e Xi Jinping no Pal\u00e1cio do Itamaraty"},"content":{"rendered":"\n<p><em>Representante da Sinovac LATAM se re\u00fane com os presidentes e demais autoridades em Bras\u00edlia<\/em><\/p>\n\n\n\n<p><strong>Bras\u00edlia, 20 de novembro de 2024 &#8211;<\/strong> O presidente Luiz In\u00e1cio Lula da Silva recebeu, na \u00faltima quarta-feira (20), o presidente chin\u00eas Xi Jinping em um jantar diplom\u00e1tico realizado no Pal\u00e1cio do Itamaraty, em Bras\u00edlia. O encontro celebra os 50 anos das rela\u00e7\u00f5es bilaterais entre Brasil e China e estreita ainda mais os la\u00e7os de coopera\u00e7\u00e3o entre os dois pa\u00edses. Cintia Lucci, vice-presidente Institucional para Am\u00e9rica Latina da Sinovac, esteve ao lado de autoridades e representantes de grandes empresas, e sua participa\u00e7\u00e3o selou o compromisso da farmac\u00eautica ap\u00f3s an\u00fancio de investimentos de US$100 milh\u00f5es para produ\u00e7\u00e3o de vacinas e transfer\u00eancia de tecnologia para o Brasil.<\/p>\n\n\n\n<figure class=\"wp-block-image size-large\"><img loading=\"lazy\" decoding=\"async\" width=\"1024\" height=\"683\" src=\"https:\/\/www.sinovaclatam.com\/wp-content\/uploads\/2024\/10\/bra_chi_sinovac-1024x683.jpg\" alt=\"\" class=\"wp-image-1172\" srcset=\"https:\/\/www.sinovaclatam.com\/wp-content\/uploads\/2024\/10\/bra_chi_sinovac-1024x683.jpg 1024w, https:\/\/www.sinovaclatam.com\/wp-content\/uploads\/2024\/10\/bra_chi_sinovac-300x200.jpg 300w, https:\/\/www.sinovaclatam.com\/wp-content\/uploads\/2024\/10\/bra_chi_sinovac-768x512.jpg 768w, https:\/\/www.sinovaclatam.com\/wp-content\/uploads\/2024\/10\/bra_chi_sinovac-1536x1024.jpg 1536w, https:\/\/www.sinovaclatam.com\/wp-content\/uploads\/2024\/10\/bra_chi_sinovac.jpg 1620w\" sizes=\"auto, (max-width: 1024px) 100vw, 1024px\" \/><\/figure>\n\n\n\n<p>Na manh\u00e3 que antecedeu o jantar, os presidentes assinaram 37 acordos e memorandos de entendimento para acelerar a coopera\u00e7\u00e3o bilateral em \u00e1reas como agricultura, comunica\u00e7\u00e3o, ci\u00eancia, tecnologia e outros. \u00abAs rela\u00e7\u00f5es China-Brasil encontram-se no melhor momento na hist\u00f3ria\u00bb, disse Xi Jinping. Lula, por sua vez, destacou que os dois pa\u00edses se tornaram exemplo de coopera\u00e7\u00e3o Sul-Sul, e que Xi Jinping \u201ctem servido de inspira\u00e7\u00e3o para as mudan\u00e7as profundas que a humanidade deve empreender para falar mais de paz do que de guerras; para cooperar mais do que competir; para criar mais do que destruir\u201d.<\/p>\n\n\n\n<p>A Sinovac fez sua estreia no Brasil durante o jantar e se prepara para estabelecer parcerias estrat\u00e9gicas que ir\u00e3o impulsionar o desenvolvimento nas \u00e1reas de sa\u00fade, tecnologia, gera\u00e7\u00e3o de empregos e monitoramento de doen\u00e7as. \u201cO encontro foi uma grande oportunidade para estreitar o relacionamento com autoridades e empres\u00e1rios locais e refor\u00e7ar a import\u00e2ncia estrat\u00e9gica da SINOVAC para a contribui\u00e7\u00e3o ao acesso \u00e0 saude, na preven\u00e7\u00e3o por meio de vacinas e no investimento em novas tecnologias\u00bb, comentou Cintia Lucci.<\/p>\n\n\n\n<p>O evento ainda contou com a presen\u00e7a de Geraldo Alckmin, vice-presidente e ministro do Desenvolvimento, Ind\u00fastria, Com\u00e9rcio e Servi\u00e7os; Fernando Haddad, ministro da Fazenda; a ex-presidente Dilma Rousseff, atual presidente do Banco dos Brics; N\u00edsia Trindade, ministra da Sa\u00fade; Simone Tebet, ministra do Planejamento e Or\u00e7amento; Zhu Qingqiao, Embaixador da China no Brasil; Marcos Galv\u00e3o, Embaixador do Brasil na China; Aloizio Mercadante, presidente do Banco Nacional de Desenvolvimento Econ\u00f4mico e Social (BNDES); o presidente da C\u00e2mara dos Deputados, Arthur Lira (PP-AL); o presidente do Senado, Rodrigo Pacheco (PSD-MG); e o presidente do Supremo Tribunal Federal (STF), Luis Roberto Barroso.<\/p>\n","protected":false},"excerpt":{"rendered":"<p>Representante da Sinovac LATAM se re\u00fane com os presidentes e demais autoridades em Bras\u00edlia Bras\u00edlia, 20 de novembro de 2024 &#8211; O presidente Luiz In\u00e1cio Lula da Silva recebeu, na \u00faltima quarta-feira (20), o presidente chin\u00eas Xi Jinping em um jantar diplom\u00e1tico realizado no Pal\u00e1cio do Itamaraty, em Bras\u00edlia. O encontro celebra os 50 anos<\/p>\n","protected":false},"author":5,"featured_media":1701,"comment_status":"closed","ping_status":"closed","sticky":false,"template":"","format":"standard","meta":{"_acf_changed":false,"footnotes":""},"categories":[13,12],"tags":[],"class_list":["post-186","post","type-post","status-publish","format-standard","has-post-thumbnail","hentry","category-brasil","category-sinovac"],"acf":[],"yoast_head":"<!-- This site is optimized with the Yoast SEO plugin v27.4 - https:\/\/yoast.com\/product\/yoast-seo-wordpress\/ -->\n<title>Sinovac participa de jantar com Lula e Xi Jinping no Pal\u00e1cio do Itamaraty - SINOVAC LATAM<\/title>\n<meta name=\"robots\" content=\"index, follow, max-snippet:-1, max-image-preview:large, max-video-preview:-1\" \/>\n<link rel=\"canonical\" href=\"https:\/\/www.sinovaclatam.com\/es\/sinovac-participa-de-jantar-com-lula-e-xi-jinping-no-palacio-do-itamaraty\/\" \/>\n<meta property=\"og:locale\" content=\"es_ES\" \/>\n<meta property=\"og:type\" content=\"article\" \/>\n<meta property=\"og:title\" content=\"Sinovac participa de jantar com Lula e Xi Jinping no Pal\u00e1cio do Itamaraty - SINOVAC LATAM\" \/>\n<meta property=\"og:description\" content=\"Representante da Sinovac LATAM se re\u00fane com os presidentes e demais autoridades em Bras\u00edlia Bras\u00edlia, 20 de novembro de 2024 &#8211; O presidente Luiz In\u00e1cio Lula da Silva recebeu, na \u00faltima quarta-feira (20), o presidente chin\u00eas Xi Jinping em um jantar diplom\u00e1tico realizado no Pal\u00e1cio do Itamaraty, em Bras\u00edlia. O encontro celebra os 50 anos\" \/>\n<meta property=\"og:url\" content=\"https:\/\/www.sinovaclatam.com\/es\/sinovac-participa-de-jantar-com-lula-e-xi-jinping-no-palacio-do-itamaraty\/\" \/>\n<meta property=\"og:site_name\" content=\"SINOVAC LATAM\" \/>\n<meta property=\"article:published_time\" content=\"2024-11-21T01:30:00+00:00\" \/>\n<meta property=\"article:modified_time\" content=\"2025-05-16T13:54:02+00:00\" \/>\n<meta property=\"og:image\" content=\"https:\/\/www.sinovaclatam.com\/wp-content\/uploads\/2024\/11\/54154511629_0849188e3c_o-scaled.jpg\" \/>\n\t<meta property=\"og:image:width\" content=\"2560\" \/>\n\t<meta property=\"og:image:height\" content=\"1595\" \/>\n\t<meta property=\"og:image:type\" content=\"image\/jpeg\" \/>\n<meta name=\"author\" content=\"SINOVAC\" \/>\n<meta name=\"twitter:card\" content=\"summary_large_image\" \/>\n<meta name=\"twitter:label1\" content=\"Escrito por\" \/>\n\t<meta name=\"twitter:data1\" content=\"SINOVAC\" \/>\n\t<meta name=\"twitter:label2\" content=\"Tiempo de lectura\" \/>\n\t<meta name=\"twitter:data2\" content=\"3 minutos\" \/>\n<script type=\"application\/ld+json\" class=\"yoast-schema-graph\">{\"@context\":\"https:\\\/\\\/schema.org\",\"@graph\":[{\"@type\":\"Article\",\"@id\":\"https:\\\/\\\/www.sinovaclatam.com\\\/es\\\/sinovac-participa-de-jantar-com-lula-e-xi-jinping-no-palacio-do-itamaraty\\\/#article\",\"isPartOf\":{\"@id\":\"https:\\\/\\\/www.sinovaclatam.com\\\/es\\\/sinovac-participa-de-jantar-com-lula-e-xi-jinping-no-palacio-do-itamaraty\\\/\"},\"author\":{\"name\":\"SINOVAC\",\"@id\":\"https:\\\/\\\/www.sinovaclatam.com\\\/es\\\/#\\\/schema\\\/person\\\/24b4c4993a7d5c4326e21d418bc58e06\"},\"headline\":\"Sinovac participa de jantar com Lula e Xi Jinping no Pal\u00e1cio do Itamaraty\",\"datePublished\":\"2024-11-21T01:30:00+00:00\",\"dateModified\":\"2025-05-16T13:54:02+00:00\",\"mainEntityOfPage\":{\"@id\":\"https:\\\/\\\/www.sinovaclatam.com\\\/es\\\/sinovac-participa-de-jantar-com-lula-e-xi-jinping-no-palacio-do-itamaraty\\\/\"},\"wordCount\":448,\"image\":{\"@id\":\"https:\\\/\\\/www.sinovaclatam.com\\\/es\\\/sinovac-participa-de-jantar-com-lula-e-xi-jinping-no-palacio-do-itamaraty\\\/#primaryimage\"},\"thumbnailUrl\":\"https:\\\/\\\/www.sinovaclatam.com\\\/wp-content\\\/uploads\\\/2024\\\/11\\\/54154511629_0849188e3c_o-scaled.jpg\",\"articleSection\":[\"Brasil\",\"SINOVAC\"],\"inLanguage\":\"es\"},{\"@type\":\"WebPage\",\"@id\":\"https:\\\/\\\/www.sinovaclatam.com\\\/es\\\/sinovac-participa-de-jantar-com-lula-e-xi-jinping-no-palacio-do-itamaraty\\\/\",\"url\":\"https:\\\/\\\/www.sinovaclatam.com\\\/es\\\/sinovac-participa-de-jantar-com-lula-e-xi-jinping-no-palacio-do-itamaraty\\\/\",\"name\":\"Sinovac participa de jantar com Lula e Xi Jinping no Pal\u00e1cio do Itamaraty - SINOVAC LATAM\",\"isPartOf\":{\"@id\":\"https:\\\/\\\/www.sinovaclatam.com\\\/es\\\/#website\"},\"primaryImageOfPage\":{\"@id\":\"https:\\\/\\\/www.sinovaclatam.com\\\/es\\\/sinovac-participa-de-jantar-com-lula-e-xi-jinping-no-palacio-do-itamaraty\\\/#primaryimage\"},\"image\":{\"@id\":\"https:\\\/\\\/www.sinovaclatam.com\\\/es\\\/sinovac-participa-de-jantar-com-lula-e-xi-jinping-no-palacio-do-itamaraty\\\/#primaryimage\"},\"thumbnailUrl\":\"https:\\\/\\\/www.sinovaclatam.com\\\/wp-content\\\/uploads\\\/2024\\\/11\\\/54154511629_0849188e3c_o-scaled.jpg\",\"datePublished\":\"2024-11-21T01:30:00+00:00\",\"dateModified\":\"2025-05-16T13:54:02+00:00\",\"author\":{\"@id\":\"https:\\\/\\\/www.sinovaclatam.com\\\/es\\\/#\\\/schema\\\/person\\\/24b4c4993a7d5c4326e21d418bc58e06\"},\"breadcrumb\":{\"@id\":\"https:\\\/\\\/www.sinovaclatam.com\\\/es\\\/sinovac-participa-de-jantar-com-lula-e-xi-jinping-no-palacio-do-itamaraty\\\/#breadcrumb\"},\"inLanguage\":\"es\",\"potentialAction\":[{\"@type\":\"ReadAction\",\"target\":[\"https:\\\/\\\/www.sinovaclatam.com\\\/es\\\/sinovac-participa-de-jantar-com-lula-e-xi-jinping-no-palacio-do-itamaraty\\\/\"]}]},{\"@type\":\"ImageObject\",\"inLanguage\":\"es\",\"@id\":\"https:\\\/\\\/www.sinovaclatam.com\\\/es\\\/sinovac-participa-de-jantar-com-lula-e-xi-jinping-no-palacio-do-itamaraty\\\/#primaryimage\",\"url\":\"https:\\\/\\\/www.sinovaclatam.com\\\/wp-content\\\/uploads\\\/2024\\\/11\\\/54154511629_0849188e3c_o-scaled.jpg\",\"contentUrl\":\"https:\\\/\\\/www.sinovaclatam.com\\\/wp-content\\\/uploads\\\/2024\\\/11\\\/54154511629_0849188e3c_o-scaled.jpg\",\"width\":2560,\"height\":1595,\"caption\":\"20.11.2023 - Presidente da Rep\u00fablica, Luiz In\u00e1cio Lula da Silva, durante Jantar oferecido pelo Presidente Lula e pela Senhora Janja Lula da Silva ao Presidente da Rep\u00fablica Popular da China, Xi Jinping, no Pal\u00e1cio do Itamaraty. Bras\u00edlia - DF.\"},{\"@type\":\"BreadcrumbList\",\"@id\":\"https:\\\/\\\/www.sinovaclatam.com\\\/es\\\/sinovac-participa-de-jantar-com-lula-e-xi-jinping-no-palacio-do-itamaraty\\\/#breadcrumb\",\"itemListElement\":[{\"@type\":\"ListItem\",\"position\":1,\"name\":\"In\u00edcio\",\"item\":\"https:\\\/\\\/www.sinovaclatam.com\\\/es\\\/\"},{\"@type\":\"ListItem\",\"position\":2,\"name\":\"Sinovac participa de jantar com Lula e Xi Jinping no Pal\u00e1cio do Itamaraty\"}]},{\"@type\":\"WebSite\",\"@id\":\"https:\\\/\\\/www.sinovaclatam.com\\\/es\\\/#website\",\"url\":\"https:\\\/\\\/www.sinovaclatam.com\\\/es\\\/\",\"name\":\"Sinovac LATAM\",\"description\":\"\",\"potentialAction\":[{\"@type\":\"SearchAction\",\"target\":{\"@type\":\"EntryPoint\",\"urlTemplate\":\"https:\\\/\\\/www.sinovaclatam.com\\\/es\\\/?s={search_term_string}\"},\"query-input\":{\"@type\":\"PropertyValueSpecification\",\"valueRequired\":true,\"valueName\":\"search_term_string\"}}],\"inLanguage\":\"es\"},{\"@type\":\"Person\",\"@id\":\"https:\\\/\\\/www.sinovaclatam.com\\\/es\\\/#\\\/schema\\\/person\\\/24b4c4993a7d5c4326e21d418bc58e06\",\"name\":\"SINOVAC\",\"image\":{\"@type\":\"ImageObject\",\"inLanguage\":\"es\",\"@id\":\"https:\\\/\\\/secure.gravatar.com\\\/avatar\\\/0b4c1ab482789821b05f40eae6bf231b848259ee264adaa61e7b521d48216666?s=96&d=mm&r=g\",\"url\":\"https:\\\/\\\/secure.gravatar.com\\\/avatar\\\/0b4c1ab482789821b05f40eae6bf231b848259ee264adaa61e7b521d48216666?s=96&d=mm&r=g\",\"contentUrl\":\"https:\\\/\\\/secure.gravatar.com\\\/avatar\\\/0b4c1ab482789821b05f40eae6bf231b848259ee264adaa61e7b521d48216666?s=96&d=mm&r=g\",\"caption\":\"SINOVAC\"}}]}<\/script>\n<!-- \/ Yoast SEO plugin. -->","yoast_head_json":{"title":"Sinovac participa de jantar com Lula e Xi Jinping no Pal\u00e1cio do Itamaraty - SINOVAC LATAM","robots":{"index":"index","follow":"follow","max-snippet":"max-snippet:-1","max-image-preview":"max-image-preview:large","max-video-preview":"max-video-preview:-1"},"canonical":"https:\/\/www.sinovaclatam.com\/es\/sinovac-participa-de-jantar-com-lula-e-xi-jinping-no-palacio-do-itamaraty\/","og_locale":"es_ES","og_type":"article","og_title":"Sinovac participa de jantar com Lula e Xi Jinping no Pal\u00e1cio do Itamaraty - SINOVAC LATAM","og_description":"Representante da Sinovac LATAM se re\u00fane com os presidentes e demais autoridades em Bras\u00edlia Bras\u00edlia, 20 de novembro de 2024 &#8211; O presidente Luiz In\u00e1cio Lula da Silva recebeu, na \u00faltima quarta-feira (20), o presidente chin\u00eas Xi Jinping em um jantar diplom\u00e1tico realizado no Pal\u00e1cio do Itamaraty, em Bras\u00edlia. O encontro celebra os 50 anos","og_url":"https:\/\/www.sinovaclatam.com\/es\/sinovac-participa-de-jantar-com-lula-e-xi-jinping-no-palacio-do-itamaraty\/","og_site_name":"SINOVAC LATAM","article_published_time":"2024-11-21T01:30:00+00:00","article_modified_time":"2025-05-16T13:54:02+00:00","og_image":[{"width":2560,"height":1595,"url":"https:\/\/www.sinovaclatam.com\/wp-content\/uploads\/2024\/11\/54154511629_0849188e3c_o-scaled.jpg","type":"image\/jpeg"}],"author":"SINOVAC","twitter_card":"summary_large_image","twitter_misc":{"Escrito por":"SINOVAC","Tiempo de lectura":"3 minutos"},"schema":{"@context":"https:\/\/schema.org","@graph":[{"@type":"Article","@id":"https:\/\/www.sinovaclatam.com\/es\/sinovac-participa-de-jantar-com-lula-e-xi-jinping-no-palacio-do-itamaraty\/#article","isPartOf":{"@id":"https:\/\/www.sinovaclatam.com\/es\/sinovac-participa-de-jantar-com-lula-e-xi-jinping-no-palacio-do-itamaraty\/"},"author":{"name":"SINOVAC","@id":"https:\/\/www.sinovaclatam.com\/es\/#\/schema\/person\/24b4c4993a7d5c4326e21d418bc58e06"},"headline":"Sinovac participa de jantar com Lula e Xi Jinping no Pal\u00e1cio do Itamaraty","datePublished":"2024-11-21T01:30:00+00:00","dateModified":"2025-05-16T13:54:02+00:00","mainEntityOfPage":{"@id":"https:\/\/www.sinovaclatam.com\/es\/sinovac-participa-de-jantar-com-lula-e-xi-jinping-no-palacio-do-itamaraty\/"},"wordCount":448,"image":{"@id":"https:\/\/www.sinovaclatam.com\/es\/sinovac-participa-de-jantar-com-lula-e-xi-jinping-no-palacio-do-itamaraty\/#primaryimage"},"thumbnailUrl":"https:\/\/www.sinovaclatam.com\/wp-content\/uploads\/2024\/11\/54154511629_0849188e3c_o-scaled.jpg","articleSection":["Brasil","SINOVAC"],"inLanguage":"es"},{"@type":"WebPage","@id":"https:\/\/www.sinovaclatam.com\/es\/sinovac-participa-de-jantar-com-lula-e-xi-jinping-no-palacio-do-itamaraty\/","url":"https:\/\/www.sinovaclatam.com\/es\/sinovac-participa-de-jantar-com-lula-e-xi-jinping-no-palacio-do-itamaraty\/","name":"Sinovac participa de jantar com Lula e Xi Jinping no Pal\u00e1cio do Itamaraty - SINOVAC LATAM","isPartOf":{"@id":"https:\/\/www.sinovaclatam.com\/es\/#website"},"primaryImageOfPage":{"@id":"https:\/\/www.sinovaclatam.com\/es\/sinovac-participa-de-jantar-com-lula-e-xi-jinping-no-palacio-do-itamaraty\/#primaryimage"},"image":{"@id":"https:\/\/www.sinovaclatam.com\/es\/sinovac-participa-de-jantar-com-lula-e-xi-jinping-no-palacio-do-itamaraty\/#primaryimage"},"thumbnailUrl":"https:\/\/www.sinovaclatam.com\/wp-content\/uploads\/2024\/11\/54154511629_0849188e3c_o-scaled.jpg","datePublished":"2024-11-21T01:30:00+00:00","dateModified":"2025-05-16T13:54:02+00:00","author":{"@id":"https:\/\/www.sinovaclatam.com\/es\/#\/schema\/person\/24b4c4993a7d5c4326e21d418bc58e06"},"breadcrumb":{"@id":"https:\/\/www.sinovaclatam.com\/es\/sinovac-participa-de-jantar-com-lula-e-xi-jinping-no-palacio-do-itamaraty\/#breadcrumb"},"inLanguage":"es","potentialAction":[{"@type":"ReadAction","target":["https:\/\/www.sinovaclatam.com\/es\/sinovac-participa-de-jantar-com-lula-e-xi-jinping-no-palacio-do-itamaraty\/"]}]},{"@type":"ImageObject","inLanguage":"es","@id":"https:\/\/www.sinovaclatam.com\/es\/sinovac-participa-de-jantar-com-lula-e-xi-jinping-no-palacio-do-itamaraty\/#primaryimage","url":"https:\/\/www.sinovaclatam.com\/wp-content\/uploads\/2024\/11\/54154511629_0849188e3c_o-scaled.jpg","contentUrl":"https:\/\/www.sinovaclatam.com\/wp-content\/uploads\/2024\/11\/54154511629_0849188e3c_o-scaled.jpg","width":2560,"height":1595,"caption":"20.11.2023 - Presidente da Rep\u00fablica, Luiz In\u00e1cio Lula da Silva, durante Jantar oferecido pelo Presidente Lula e pela Senhora Janja Lula da Silva ao Presidente da Rep\u00fablica Popular da China, Xi Jinping, no Pal\u00e1cio do Itamaraty. Bras\u00edlia - DF."},{"@type":"BreadcrumbList","@id":"https:\/\/www.sinovaclatam.com\/es\/sinovac-participa-de-jantar-com-lula-e-xi-jinping-no-palacio-do-itamaraty\/#breadcrumb","itemListElement":[{"@type":"ListItem","position":1,"name":"In\u00edcio","item":"https:\/\/www.sinovaclatam.com\/es\/"},{"@type":"ListItem","position":2,"name":"Sinovac participa de jantar com Lula e Xi Jinping no Pal\u00e1cio do Itamaraty"}]},{"@type":"WebSite","@id":"https:\/\/www.sinovaclatam.com\/es\/#website","url":"https:\/\/www.sinovaclatam.com\/es\/","name":"Sinovac LATAM","description":"","potentialAction":[{"@type":"SearchAction","target":{"@type":"EntryPoint","urlTemplate":"https:\/\/www.sinovaclatam.com\/es\/?s={search_term_string}"},"query-input":{"@type":"PropertyValueSpecification","valueRequired":true,"valueName":"search_term_string"}}],"inLanguage":"es"},{"@type":"Person","@id":"https:\/\/www.sinovaclatam.com\/es\/#\/schema\/person\/24b4c4993a7d5c4326e21d418bc58e06","name":"SINOVAC","image":{"@type":"ImageObject","inLanguage":"es","@id":"https:\/\/secure.gravatar.com\/avatar\/0b4c1ab482789821b05f40eae6bf231b848259ee264adaa61e7b521d48216666?s=96&d=mm&r=g","url":"https:\/\/secure.gravatar.com\/avatar\/0b4c1ab482789821b05f40eae6bf231b848259ee264adaa61e7b521d48216666?s=96&d=mm&r=g","contentUrl":"https:\/\/secure.gravatar.com\/avatar\/0b4c1ab482789821b05f40eae6bf231b848259ee264adaa61e7b521d48216666?s=96&d=mm&r=g","caption":"SINOVAC"}}]}},"_links":{"self":[{"href":"https:\/\/www.sinovaclatam.com\/es\/wp-json\/wp\/v2\/posts\/186","targetHints":{"allow":["GET"]}}],"collection":[{"href":"https:\/\/www.sinovaclatam.com\/es\/wp-json\/wp\/v2\/posts"}],"about":[{"href":"https:\/\/www.sinovaclatam.com\/es\/wp-json\/wp\/v2\/types\/post"}],"author":[{"embeddable":true,"href":"https:\/\/www.sinovaclatam.com\/es\/wp-json\/wp\/v2\/users\/5"}],"replies":[{"embeddable":true,"href":"https:\/\/www.sinovaclatam.com\/es\/wp-json\/wp\/v2\/comments?post=186"}],"version-history":[{"count":4,"href":"https:\/\/www.sinovaclatam.com\/es\/wp-json\/wp\/v2\/posts\/186\/revisions"}],"predecessor-version":[{"id":1182,"href":"https:\/\/www.sinovaclatam.com\/es\/wp-json\/wp\/v2\/posts\/186\/revisions\/1182"}],"wp:featuredmedia":[{"embeddable":true,"href":"https:\/\/www.sinovaclatam.com\/es\/wp-json\/wp\/v2\/media\/1701"}],"wp:attachment":[{"href":"https:\/\/www.sinovaclatam.com\/es\/wp-json\/wp\/v2\/media?parent=186"}],"wp:term":[{"taxonomy":"category","embeddable":true,"href":"https:\/\/www.sinovaclatam.com\/es\/wp-json\/wp\/v2\/categories?post=186"},{"taxonomy":"post_tag","embeddable":true,"href":"https:\/\/www.sinovaclatam.com\/es\/wp-json\/wp\/v2\/tags?post=186"}],"curies":[{"name":"wp","href":"https:\/\/api.w.org\/{rel}","templated":true}]}}