{"id":2279,"date":"2025-11-27T11:56:54","date_gmt":"2025-11-27T14:56:54","guid":{"rendered":"https:\/\/www.sinovaclatam.com\/?p=2279"},"modified":"2025-12-17T15:25:33","modified_gmt":"2025-12-17T18:25:33","slug":"sinovac-oficializa-chegada-ao-brasil-com-assinatura-de-duas-pdps-que-fortalecem-a-producao-nacional-de-vacinas","status":"publish","type":"post","link":"https:\/\/www.sinovaclatam.com\/es\/sinovac-oficializa-chegada-ao-brasil-com-assinatura-de-duas-pdps-que-fortalecem-a-producao-nacional-de-vacinas\/","title":{"rendered":"SINOVAC oficializa chegada ao Brasil com assinatura de duas PDPs que fortalecem a produ\u00e7\u00e3o nacional de vacinas"},"content":{"rendered":"\n<p><\/p>\n\n\n\n<p><em>Em evento realizado pelo Minist\u00e9rio da Sa\u00fade em SP, acordos&nbsp;firmados entre Brasil e China ampliam a capacidade produtiva do PNI e estabelecem coopera\u00e7\u00e3o estrat\u00e9gica para imunizantes essenciais ao SUS<\/em><\/p>\n\n\n\n<p><\/p>\n\n\n\n<p>A SINOVAC oficializou sua chegada ao Brasil com a assinatura de duas Parcerias para o Desenvolvimento Produtivo (PDPs) que integrar\u00e3o a estrutura produtiva do Programa Nacional de Imuniza\u00e7\u00f5es (PNI), durante a Reuni\u00e3o Plen\u00e1ria do Grupo Executivo do Complexo Econ\u00f4mico-Industrial da Sa\u00fade (GECEIS).<\/p>\n\n\n\n<p>O evento ocorreu nesta na segunda-feira, 24 de novembro de 2025, no Audit\u00f3rio Moise Safra, no Hospital Albert Einstein, em S\u00e3o Paulo, e contou com a presen\u00e7a do Ministro da Sa\u00fade, Alexandre Padilha; da Ministra da Ci\u00eancia, Tecnologia e Inova\u00e7\u00e3o, Luciana Santos; do Diretor da Organiza\u00e7\u00e3o Pan-Americana da Sa\u00fade (OPAS) e Diretor Regional da Organiza\u00e7\u00e3o Mundial da Sa\u00fade (OMS) para as Am\u00e9ricas, Jarbas Barbosa; do Diretor-Presidente da Ag\u00eancia Nacional de Vigil\u00e2ncia Sanit\u00e1ria (Anvisa), Leandro Safatle; e diversas autoridades e executivos da \u00e1rea de sa\u00fade.<\/p>\n\n\n\n<figure class=\"wp-block-image size-large\"><img loading=\"lazy\" decoding=\"async\" width=\"1024\" height=\"576\" src=\"https:\/\/www.sinovaclatam.com\/wp-content\/uploads\/2025\/11\/padilha_allancosta-1024x576.jpg\" alt=\"\" class=\"wp-image-2323\" srcset=\"https:\/\/www.sinovaclatam.com\/wp-content\/uploads\/2025\/11\/padilha_allancosta-1024x576.jpg 1024w, https:\/\/www.sinovaclatam.com\/wp-content\/uploads\/2025\/11\/padilha_allancosta-300x169.jpg 300w, https:\/\/www.sinovaclatam.com\/wp-content\/uploads\/2025\/11\/padilha_allancosta-768x432.jpg 768w, https:\/\/www.sinovaclatam.com\/wp-content\/uploads\/2025\/11\/padilha_allancosta-1536x864.jpg 1536w, https:\/\/www.sinovaclatam.com\/wp-content\/uploads\/2025\/11\/padilha_allancosta-2048x1152.jpg 2048w\" sizes=\"auto, (max-width: 1024px) 100vw, 1024px\" \/><figcaption class=\"wp-element-caption\">Alexandre Padilha, Ministro da Sa\u00fade. Foto: Allan Costa.<\/figcaption><\/figure>\n\n\n\n<p><\/p>\n\n\n\n<p>A iniciativa marca um novo cap\u00edtulo na coopera\u00e7\u00e3o entre Brasil e China no campo da sa\u00fade p\u00fablica, consolidado durante a visita ao pa\u00eds do vice-presidente da companhia para a Am\u00e9rica Latina, Weining Meng.<\/p>\n\n\n<div class=\"wp-block-image\">\n<figure class=\"alignright size-medium\"><img loading=\"lazy\" decoding=\"async\" width=\"244\" height=\"300\" src=\"https:\/\/www.sinovaclatam.com\/wp-content\/uploads\/2025\/11\/meng-244x300.jpg\" alt=\"\" class=\"wp-image-2328\" srcset=\"https:\/\/www.sinovaclatam.com\/wp-content\/uploads\/2025\/11\/meng-244x300.jpg 244w, https:\/\/www.sinovaclatam.com\/wp-content\/uploads\/2025\/11\/meng-832x1024.jpg 832w, https:\/\/www.sinovaclatam.com\/wp-content\/uploads\/2025\/11\/meng-768x946.jpg 768w, https:\/\/www.sinovaclatam.com\/wp-content\/uploads\/2025\/11\/meng-1248x1536.jpg 1248w, https:\/\/www.sinovaclatam.com\/wp-content\/uploads\/2025\/11\/meng-1664x2048.jpg 1664w\" sizes=\"auto, (max-width: 244px) 100vw, 244px\" \/><figcaption class=\"wp-element-caption\"><em>Weining Meng assina PDPs com Minist\u00e9rio da Sa\u00fade. Foto: Allan Costa.<\/em><\/figcaption><\/figure>\n<\/div>\n\n\n<p>\u201cA SINOVAC tem como miss\u00e3o contribuir para sistemas p\u00fablicos de sa\u00fade fortes e capazes de proteger suas popula\u00e7\u00f5es. Investir em vacinas essenciais significa investir na preven\u00e7\u00e3o de doen\u00e7as e na capacidade de salvar vidas. Estamos comprometidos em trazer ao Brasil tecnologias confi\u00e1veis e parcerias duradouras que atendam \u00e0s necessidades reais do pa\u00eds\u201d, afirmou o vice-presidente da gigante chinesa, refor\u00e7ando o compromisso da empresa com o setor p\u00fablico e a sa\u00fade da popula\u00e7\u00e3o.<\/p>\n\n\n\n<p>A presen\u00e7a da SINOVAC no Brasil \u00e9 resultado de um processo institucional iniciado h\u00e1 um ano, quando o vice-presidente Geraldo Alckmin esteve em Pequim para uma reuni\u00e3o estrat\u00e9gica com a lideran\u00e7a da empresa. O encontro trouxe seguran\u00e7a e previsibilidade para que a SINOVAC avan\u00e7asse em seus planos de investimento e colabora\u00e7\u00e3o \u2014 incluindo o an\u00fancio de US$ 100 milh\u00f5es para instala\u00e7\u00e3o e desenvolvimento de opera\u00e7\u00f5es no pa\u00eds.<\/p>\n\n\n\n<p>Para produ\u00e7\u00e3o da vacina de raiva humana, a SINOVAC estruturou um modelo de coopera\u00e7\u00e3o inovador firmado em parceria com o Tecpar (Instituto de Tecnologia do Paran\u00e1), consolidando um arranjo p\u00fablico-privado brasileiro com participa\u00e7\u00e3o internacional que fortalece a capacidade produtiva nacional. Isso permitir\u00e1 o retorno do Tecpar \u00e0 fabrica\u00e7\u00e3o deste imunizante estrat\u00e9gico \u2014 hoje totalmente importado \u2014 fortalecendo a seguran\u00e7a sanit\u00e1ria e a resposta do SUS em emerg\u00eancias.<\/p>\n\n\n\n<p>O diretor-presidente do Tecpar, Eduardo Marafon, avalia que a formaliza\u00e7\u00e3o da PDP fortalece a contribui\u00e7\u00e3o do instituto junto ao Complexo Econ\u00f4mico-Industrial do pa\u00eds, refor\u00e7ando sua voca\u00e7\u00e3o hist\u00f3rica como fornecedor de produtos essenciais para a sa\u00fade p\u00fablica. \u201cEssa nova frente de atua\u00e7\u00e3o assumida pelo Tecpar tamb\u00e9m vai fortalecer a ind\u00fastria da Sa\u00fade no Paran\u00e1, trazendo desenvolvimento tecnol\u00f3gico, cient\u00edfico e econ\u00f4mico. Para isso, j\u00e1 estamos construindo um novo campus em Maring\u00e1, no noroeste do estado, que ser\u00e1 usado para a produ\u00e7\u00e3o das vacinas, fruto do processo de transfer\u00eancia de tecnologia\u201d, salienta. \u200e<\/p>\n\n\n\n<p>Por meio de outras parcerias, tamb\u00e9m ser\u00e1 produzida a vacina de varicela, que ampliar\u00e1 a autonomia nacional na fabrica\u00e7\u00e3o de um imunobiol\u00f3gico de ampla demanda populacional. As duas PDPs abrangem imunizantes essenciais do PNI.<\/p>\n\n\n\n<figure class=\"wp-block-image size-large\"><img loading=\"lazy\" decoding=\"async\" width=\"1024\" height=\"576\" src=\"https:\/\/www.sinovaclatam.com\/wp-content\/uploads\/2025\/11\/reuniaogecesi_nov25_allancosta01-1024x576.jpg\" alt=\"\" class=\"wp-image-2281\" srcset=\"https:\/\/www.sinovaclatam.com\/wp-content\/uploads\/2025\/11\/reuniaogecesi_nov25_allancosta01-1024x576.jpg 1024w, https:\/\/www.sinovaclatam.com\/wp-content\/uploads\/2025\/11\/reuniaogecesi_nov25_allancosta01-300x169.jpg 300w, https:\/\/www.sinovaclatam.com\/wp-content\/uploads\/2025\/11\/reuniaogecesi_nov25_allancosta01-768x432.jpg 768w, https:\/\/www.sinovaclatam.com\/wp-content\/uploads\/2025\/11\/reuniaogecesi_nov25_allancosta01-1536x864.jpg 1536w, https:\/\/www.sinovaclatam.com\/wp-content\/uploads\/2025\/11\/reuniaogecesi_nov25_allancosta01-2048x1152.jpg 2048w\" sizes=\"auto, (max-width: 1024px) 100vw, 1024px\" \/><figcaption class=\"wp-element-caption\"><em>Da esq. p\/ dir.: Walker Lahmann (diretor-executivo da Eurofarma); Eduardo Marafon (diretor-presidente do Tecpar); Weining Meng (vice-presidente Am\u00e9rica Latina SINOVAC); Alexandre Padilha (ministro da sa\u00fade); e Dimas Covas (cientista-chefe e pesquisa e desenvolvimento da SINOVAC). Foto: Allan Costa.<\/em><\/figcaption><\/figure>\n\n\n\n<p><\/p>\n\n\n\n<p>O reencontro entre a SINOVAC e o governo brasileiro simboliza a conclus\u00e3o bem-sucedida de uma etapa iniciada em Pequim e inaugura uma fase s\u00f3lida de presen\u00e7a da empresa no pa\u00eds. A farmac\u00eautica reafirma seu compromisso em fortalecer o PNI \u2014 reconhecido mundialmente \u2014 e em contribuir para a soberania produtiva nacional.<\/p>\n","protected":false},"excerpt":{"rendered":"<p>Em evento realizado pelo Minist\u00e9rio da Sa\u00fade em SP, acordos&nbsp;firmados entre Brasil e China ampliam a capacidade produtiva do PNI e estabelecem coopera\u00e7\u00e3o estrat\u00e9gica para imunizantes essenciais ao SUS A SINOVAC oficializou sua chegada ao Brasil com a assinatura de duas Parcerias para o Desenvolvimento Produtivo (PDPs) que integrar\u00e3o a estrutura produtiva do Programa Nacional<\/p>\n","protected":false},"author":5,"featured_media":2281,"comment_status":"closed","ping_status":"closed","sticky":false,"template":"","format":"standard","meta":{"_acf_changed":false,"footnotes":""},"categories":[13,12],"tags":[31,32,30,27,26,28,29],"class_list":["post-2279","post","type-post","status-publish","format-standard","has-post-thumbnail","hentry","category-brasil","category-sinovac","tag-alexandre-padilha","tag-geceis","tag-ministerio-da-saude","tag-pdps","tag-sinovac","tag-tecpar","tag-weining-meng"],"acf":[],"yoast_head":"<!-- This site is optimized with the Yoast SEO plugin v27.4 - https:\/\/yoast.com\/product\/yoast-seo-wordpress\/ -->\n<title>SINOVAC oficializa chegada ao Brasil com assinatura de duas PDPs que fortalecem a produ\u00e7\u00e3o nacional de vacinas - SINOVAC LATAM<\/title>\n<meta name=\"robots\" content=\"index, follow, max-snippet:-1, max-image-preview:large, max-video-preview:-1\" \/>\n<link rel=\"canonical\" href=\"https:\/\/www.sinovaclatam.com\/es\/sinovac-oficializa-chegada-ao-brasil-com-assinatura-de-duas-pdps-que-fortalecem-a-producao-nacional-de-vacinas\/\" \/>\n<meta property=\"og:locale\" content=\"es_ES\" \/>\n<meta property=\"og:type\" content=\"article\" \/>\n<meta property=\"og:title\" content=\"SINOVAC oficializa chegada ao Brasil com assinatura de duas PDPs que fortalecem a produ\u00e7\u00e3o nacional de vacinas - SINOVAC LATAM\" \/>\n<meta property=\"og:description\" content=\"Em evento realizado pelo Minist\u00e9rio da Sa\u00fade em SP, acordos&nbsp;firmados entre Brasil e China ampliam a capacidade produtiva do PNI e estabelecem coopera\u00e7\u00e3o estrat\u00e9gica para imunizantes essenciais ao SUS A SINOVAC oficializou sua chegada ao Brasil com a assinatura de duas Parcerias para o Desenvolvimento Produtivo (PDPs) que integrar\u00e3o a estrutura produtiva do Programa Nacional\" \/>\n<meta property=\"og:url\" content=\"https:\/\/www.sinovaclatam.com\/es\/sinovac-oficializa-chegada-ao-brasil-com-assinatura-de-duas-pdps-que-fortalecem-a-producao-nacional-de-vacinas\/\" \/>\n<meta property=\"og:site_name\" content=\"SINOVAC LATAM\" \/>\n<meta property=\"article:published_time\" content=\"2025-11-27T14:56:54+00:00\" \/>\n<meta property=\"article:modified_time\" content=\"2025-12-17T18:25:33+00:00\" \/>\n<meta property=\"og:image\" content=\"https:\/\/www.sinovaclatam.com\/wp-content\/uploads\/2025\/11\/reuniaogecesi_nov25_allancosta01-scaled.jpg\" \/>\n\t<meta property=\"og:image:width\" content=\"2560\" \/>\n\t<meta property=\"og:image:height\" content=\"1440\" \/>\n\t<meta property=\"og:image:type\" content=\"image\/jpeg\" \/>\n<meta name=\"author\" content=\"SINOVAC\" \/>\n<meta name=\"twitter:card\" content=\"summary_large_image\" \/>\n<meta name=\"twitter:label1\" content=\"Escrito por\" \/>\n\t<meta name=\"twitter:data1\" content=\"SINOVAC\" \/>\n\t<meta name=\"twitter:label2\" content=\"Tiempo de lectura\" \/>\n\t<meta name=\"twitter:data2\" content=\"5 minutos\" \/>\n<script type=\"application\/ld+json\" class=\"yoast-schema-graph\">{\"@context\":\"https:\\\/\\\/schema.org\",\"@graph\":[{\"@type\":\"Article\",\"@id\":\"https:\\\/\\\/www.sinovaclatam.com\\\/es\\\/sinovac-oficializa-chegada-ao-brasil-com-assinatura-de-duas-pdps-que-fortalecem-a-producao-nacional-de-vacinas\\\/#article\",\"isPartOf\":{\"@id\":\"https:\\\/\\\/www.sinovaclatam.com\\\/es\\\/sinovac-oficializa-chegada-ao-brasil-com-assinatura-de-duas-pdps-que-fortalecem-a-producao-nacional-de-vacinas\\\/\"},\"author\":{\"name\":\"SINOVAC\",\"@id\":\"https:\\\/\\\/www.sinovaclatam.com\\\/es\\\/#\\\/schema\\\/person\\\/24b4c4993a7d5c4326e21d418bc58e06\"},\"headline\":\"SINOVAC oficializa chegada ao Brasil com assinatura de duas PDPs que fortalecem a produ\u00e7\u00e3o nacional de vacinas\",\"datePublished\":\"2025-11-27T14:56:54+00:00\",\"dateModified\":\"2025-12-17T18:25:33+00:00\",\"mainEntityOfPage\":{\"@id\":\"https:\\\/\\\/www.sinovaclatam.com\\\/es\\\/sinovac-oficializa-chegada-ao-brasil-com-assinatura-de-duas-pdps-que-fortalecem-a-producao-nacional-de-vacinas\\\/\"},\"wordCount\":730,\"image\":{\"@id\":\"https:\\\/\\\/www.sinovaclatam.com\\\/es\\\/sinovac-oficializa-chegada-ao-brasil-com-assinatura-de-duas-pdps-que-fortalecem-a-producao-nacional-de-vacinas\\\/#primaryimage\"},\"thumbnailUrl\":\"https:\\\/\\\/www.sinovaclatam.com\\\/wp-content\\\/uploads\\\/2025\\\/11\\\/reuniaogecesi_nov25_allancosta01-scaled.jpg\",\"keywords\":[\"ALEXANDRE PADILHA\",\"GECEIS\",\"MINIST\u00c9RIO DA SA\u00daDE\",\"PDPs\",\"SINOVAC\",\"TECPAR\",\"Weining Meng\"],\"articleSection\":[\"Brasil\",\"SINOVAC\"],\"inLanguage\":\"es\"},{\"@type\":\"WebPage\",\"@id\":\"https:\\\/\\\/www.sinovaclatam.com\\\/es\\\/sinovac-oficializa-chegada-ao-brasil-com-assinatura-de-duas-pdps-que-fortalecem-a-producao-nacional-de-vacinas\\\/\",\"url\":\"https:\\\/\\\/www.sinovaclatam.com\\\/es\\\/sinovac-oficializa-chegada-ao-brasil-com-assinatura-de-duas-pdps-que-fortalecem-a-producao-nacional-de-vacinas\\\/\",\"name\":\"SINOVAC oficializa chegada ao Brasil com assinatura de duas PDPs que fortalecem a produ\u00e7\u00e3o nacional de vacinas - SINOVAC LATAM\",\"isPartOf\":{\"@id\":\"https:\\\/\\\/www.sinovaclatam.com\\\/es\\\/#website\"},\"primaryImageOfPage\":{\"@id\":\"https:\\\/\\\/www.sinovaclatam.com\\\/es\\\/sinovac-oficializa-chegada-ao-brasil-com-assinatura-de-duas-pdps-que-fortalecem-a-producao-nacional-de-vacinas\\\/#primaryimage\"},\"image\":{\"@id\":\"https:\\\/\\\/www.sinovaclatam.com\\\/es\\\/sinovac-oficializa-chegada-ao-brasil-com-assinatura-de-duas-pdps-que-fortalecem-a-producao-nacional-de-vacinas\\\/#primaryimage\"},\"thumbnailUrl\":\"https:\\\/\\\/www.sinovaclatam.com\\\/wp-content\\\/uploads\\\/2025\\\/11\\\/reuniaogecesi_nov25_allancosta01-scaled.jpg\",\"datePublished\":\"2025-11-27T14:56:54+00:00\",\"dateModified\":\"2025-12-17T18:25:33+00:00\",\"author\":{\"@id\":\"https:\\\/\\\/www.sinovaclatam.com\\\/es\\\/#\\\/schema\\\/person\\\/24b4c4993a7d5c4326e21d418bc58e06\"},\"breadcrumb\":{\"@id\":\"https:\\\/\\\/www.sinovaclatam.com\\\/es\\\/sinovac-oficializa-chegada-ao-brasil-com-assinatura-de-duas-pdps-que-fortalecem-a-producao-nacional-de-vacinas\\\/#breadcrumb\"},\"inLanguage\":\"es\",\"potentialAction\":[{\"@type\":\"ReadAction\",\"target\":[\"https:\\\/\\\/www.sinovaclatam.com\\\/es\\\/sinovac-oficializa-chegada-ao-brasil-com-assinatura-de-duas-pdps-que-fortalecem-a-producao-nacional-de-vacinas\\\/\"]}]},{\"@type\":\"ImageObject\",\"inLanguage\":\"es\",\"@id\":\"https:\\\/\\\/www.sinovaclatam.com\\\/es\\\/sinovac-oficializa-chegada-ao-brasil-com-assinatura-de-duas-pdps-que-fortalecem-a-producao-nacional-de-vacinas\\\/#primaryimage\",\"url\":\"https:\\\/\\\/www.sinovaclatam.com\\\/wp-content\\\/uploads\\\/2025\\\/11\\\/reuniaogecesi_nov25_allancosta01-scaled.jpg\",\"contentUrl\":\"https:\\\/\\\/www.sinovaclatam.com\\\/wp-content\\\/uploads\\\/2025\\\/11\\\/reuniaogecesi_nov25_allancosta01-scaled.jpg\",\"width\":2560,\"height\":1440,\"caption\":\"a esq. p\\\/ dir.: Walker Lahmann (diretor-executivo da Eurofarma); Eduardo Marafon (diretor-presidente do Tecpar); Weining Meng (vice-presidente Am\u00e9rica Latina SINOVAC); Alexandre Padilha (ministro da sa\u00fade); e Dimas Covas (cientista-chefe e pesquisa e desenvolvimento da SINOVAC). Foto: Allan Costa.\"},{\"@type\":\"BreadcrumbList\",\"@id\":\"https:\\\/\\\/www.sinovaclatam.com\\\/es\\\/sinovac-oficializa-chegada-ao-brasil-com-assinatura-de-duas-pdps-que-fortalecem-a-producao-nacional-de-vacinas\\\/#breadcrumb\",\"itemListElement\":[{\"@type\":\"ListItem\",\"position\":1,\"name\":\"In\u00edcio\",\"item\":\"https:\\\/\\\/www.sinovaclatam.com\\\/es\\\/\"},{\"@type\":\"ListItem\",\"position\":2,\"name\":\"SINOVAC oficializa chegada ao Brasil com assinatura de duas PDPs que fortalecem a produ\u00e7\u00e3o nacional de vacinas\"}]},{\"@type\":\"WebSite\",\"@id\":\"https:\\\/\\\/www.sinovaclatam.com\\\/es\\\/#website\",\"url\":\"https:\\\/\\\/www.sinovaclatam.com\\\/es\\\/\",\"name\":\"Sinovac LATAM\",\"description\":\"\",\"potentialAction\":[{\"@type\":\"SearchAction\",\"target\":{\"@type\":\"EntryPoint\",\"urlTemplate\":\"https:\\\/\\\/www.sinovaclatam.com\\\/es\\\/?s={search_term_string}\"},\"query-input\":{\"@type\":\"PropertyValueSpecification\",\"valueRequired\":true,\"valueName\":\"search_term_string\"}}],\"inLanguage\":\"es\"},{\"@type\":\"Person\",\"@id\":\"https:\\\/\\\/www.sinovaclatam.com\\\/es\\\/#\\\/schema\\\/person\\\/24b4c4993a7d5c4326e21d418bc58e06\",\"name\":\"SINOVAC\",\"image\":{\"@type\":\"ImageObject\",\"inLanguage\":\"es\",\"@id\":\"https:\\\/\\\/secure.gravatar.com\\\/avatar\\\/0b4c1ab482789821b05f40eae6bf231b848259ee264adaa61e7b521d48216666?s=96&d=mm&r=g\",\"url\":\"https:\\\/\\\/secure.gravatar.com\\\/avatar\\\/0b4c1ab482789821b05f40eae6bf231b848259ee264adaa61e7b521d48216666?s=96&d=mm&r=g\",\"contentUrl\":\"https:\\\/\\\/secure.gravatar.com\\\/avatar\\\/0b4c1ab482789821b05f40eae6bf231b848259ee264adaa61e7b521d48216666?s=96&d=mm&r=g\",\"caption\":\"SINOVAC\"}}]}<\/script>\n<!-- \/ Yoast SEO plugin. -->","yoast_head_json":{"title":"SINOVAC oficializa chegada ao Brasil com assinatura de duas PDPs que fortalecem a produ\u00e7\u00e3o nacional de vacinas - SINOVAC LATAM","robots":{"index":"index","follow":"follow","max-snippet":"max-snippet:-1","max-image-preview":"max-image-preview:large","max-video-preview":"max-video-preview:-1"},"canonical":"https:\/\/www.sinovaclatam.com\/es\/sinovac-oficializa-chegada-ao-brasil-com-assinatura-de-duas-pdps-que-fortalecem-a-producao-nacional-de-vacinas\/","og_locale":"es_ES","og_type":"article","og_title":"SINOVAC oficializa chegada ao Brasil com assinatura de duas PDPs que fortalecem a produ\u00e7\u00e3o nacional de vacinas - SINOVAC LATAM","og_description":"Em evento realizado pelo Minist\u00e9rio da Sa\u00fade em SP, acordos&nbsp;firmados entre Brasil e China ampliam a capacidade produtiva do PNI e estabelecem coopera\u00e7\u00e3o estrat\u00e9gica para imunizantes essenciais ao SUS A SINOVAC oficializou sua chegada ao Brasil com a assinatura de duas Parcerias para o Desenvolvimento Produtivo (PDPs) que integrar\u00e3o a estrutura produtiva do Programa Nacional","og_url":"https:\/\/www.sinovaclatam.com\/es\/sinovac-oficializa-chegada-ao-brasil-com-assinatura-de-duas-pdps-que-fortalecem-a-producao-nacional-de-vacinas\/","og_site_name":"SINOVAC LATAM","article_published_time":"2025-11-27T14:56:54+00:00","article_modified_time":"2025-12-17T18:25:33+00:00","og_image":[{"width":2560,"height":1440,"url":"https:\/\/www.sinovaclatam.com\/wp-content\/uploads\/2025\/11\/reuniaogecesi_nov25_allancosta01-scaled.jpg","type":"image\/jpeg"}],"author":"SINOVAC","twitter_card":"summary_large_image","twitter_misc":{"Escrito por":"SINOVAC","Tiempo de lectura":"5 minutos"},"schema":{"@context":"https:\/\/schema.org","@graph":[{"@type":"Article","@id":"https:\/\/www.sinovaclatam.com\/es\/sinovac-oficializa-chegada-ao-brasil-com-assinatura-de-duas-pdps-que-fortalecem-a-producao-nacional-de-vacinas\/#article","isPartOf":{"@id":"https:\/\/www.sinovaclatam.com\/es\/sinovac-oficializa-chegada-ao-brasil-com-assinatura-de-duas-pdps-que-fortalecem-a-producao-nacional-de-vacinas\/"},"author":{"name":"SINOVAC","@id":"https:\/\/www.sinovaclatam.com\/es\/#\/schema\/person\/24b4c4993a7d5c4326e21d418bc58e06"},"headline":"SINOVAC oficializa chegada ao Brasil com assinatura de duas PDPs que fortalecem a produ\u00e7\u00e3o nacional de vacinas","datePublished":"2025-11-27T14:56:54+00:00","dateModified":"2025-12-17T18:25:33+00:00","mainEntityOfPage":{"@id":"https:\/\/www.sinovaclatam.com\/es\/sinovac-oficializa-chegada-ao-brasil-com-assinatura-de-duas-pdps-que-fortalecem-a-producao-nacional-de-vacinas\/"},"wordCount":730,"image":{"@id":"https:\/\/www.sinovaclatam.com\/es\/sinovac-oficializa-chegada-ao-brasil-com-assinatura-de-duas-pdps-que-fortalecem-a-producao-nacional-de-vacinas\/#primaryimage"},"thumbnailUrl":"https:\/\/www.sinovaclatam.com\/wp-content\/uploads\/2025\/11\/reuniaogecesi_nov25_allancosta01-scaled.jpg","keywords":["ALEXANDRE PADILHA","GECEIS","MINIST\u00c9RIO DA SA\u00daDE","PDPs","SINOVAC","TECPAR","Weining Meng"],"articleSection":["Brasil","SINOVAC"],"inLanguage":"es"},{"@type":"WebPage","@id":"https:\/\/www.sinovaclatam.com\/es\/sinovac-oficializa-chegada-ao-brasil-com-assinatura-de-duas-pdps-que-fortalecem-a-producao-nacional-de-vacinas\/","url":"https:\/\/www.sinovaclatam.com\/es\/sinovac-oficializa-chegada-ao-brasil-com-assinatura-de-duas-pdps-que-fortalecem-a-producao-nacional-de-vacinas\/","name":"SINOVAC oficializa chegada ao Brasil com assinatura de duas PDPs que fortalecem a produ\u00e7\u00e3o nacional de vacinas - SINOVAC LATAM","isPartOf":{"@id":"https:\/\/www.sinovaclatam.com\/es\/#website"},"primaryImageOfPage":{"@id":"https:\/\/www.sinovaclatam.com\/es\/sinovac-oficializa-chegada-ao-brasil-com-assinatura-de-duas-pdps-que-fortalecem-a-producao-nacional-de-vacinas\/#primaryimage"},"image":{"@id":"https:\/\/www.sinovaclatam.com\/es\/sinovac-oficializa-chegada-ao-brasil-com-assinatura-de-duas-pdps-que-fortalecem-a-producao-nacional-de-vacinas\/#primaryimage"},"thumbnailUrl":"https:\/\/www.sinovaclatam.com\/wp-content\/uploads\/2025\/11\/reuniaogecesi_nov25_allancosta01-scaled.jpg","datePublished":"2025-11-27T14:56:54+00:00","dateModified":"2025-12-17T18:25:33+00:00","author":{"@id":"https:\/\/www.sinovaclatam.com\/es\/#\/schema\/person\/24b4c4993a7d5c4326e21d418bc58e06"},"breadcrumb":{"@id":"https:\/\/www.sinovaclatam.com\/es\/sinovac-oficializa-chegada-ao-brasil-com-assinatura-de-duas-pdps-que-fortalecem-a-producao-nacional-de-vacinas\/#breadcrumb"},"inLanguage":"es","potentialAction":[{"@type":"ReadAction","target":["https:\/\/www.sinovaclatam.com\/es\/sinovac-oficializa-chegada-ao-brasil-com-assinatura-de-duas-pdps-que-fortalecem-a-producao-nacional-de-vacinas\/"]}]},{"@type":"ImageObject","inLanguage":"es","@id":"https:\/\/www.sinovaclatam.com\/es\/sinovac-oficializa-chegada-ao-brasil-com-assinatura-de-duas-pdps-que-fortalecem-a-producao-nacional-de-vacinas\/#primaryimage","url":"https:\/\/www.sinovaclatam.com\/wp-content\/uploads\/2025\/11\/reuniaogecesi_nov25_allancosta01-scaled.jpg","contentUrl":"https:\/\/www.sinovaclatam.com\/wp-content\/uploads\/2025\/11\/reuniaogecesi_nov25_allancosta01-scaled.jpg","width":2560,"height":1440,"caption":"a esq. p\/ dir.: Walker Lahmann (diretor-executivo da Eurofarma); Eduardo Marafon (diretor-presidente do Tecpar); Weining Meng (vice-presidente Am\u00e9rica Latina SINOVAC); Alexandre Padilha (ministro da sa\u00fade); e Dimas Covas (cientista-chefe e pesquisa e desenvolvimento da SINOVAC). Foto: Allan Costa."},{"@type":"BreadcrumbList","@id":"https:\/\/www.sinovaclatam.com\/es\/sinovac-oficializa-chegada-ao-brasil-com-assinatura-de-duas-pdps-que-fortalecem-a-producao-nacional-de-vacinas\/#breadcrumb","itemListElement":[{"@type":"ListItem","position":1,"name":"In\u00edcio","item":"https:\/\/www.sinovaclatam.com\/es\/"},{"@type":"ListItem","position":2,"name":"SINOVAC oficializa chegada ao Brasil com assinatura de duas PDPs que fortalecem a produ\u00e7\u00e3o nacional de vacinas"}]},{"@type":"WebSite","@id":"https:\/\/www.sinovaclatam.com\/es\/#website","url":"https:\/\/www.sinovaclatam.com\/es\/","name":"Sinovac LATAM","description":"","potentialAction":[{"@type":"SearchAction","target":{"@type":"EntryPoint","urlTemplate":"https:\/\/www.sinovaclatam.com\/es\/?s={search_term_string}"},"query-input":{"@type":"PropertyValueSpecification","valueRequired":true,"valueName":"search_term_string"}}],"inLanguage":"es"},{"@type":"Person","@id":"https:\/\/www.sinovaclatam.com\/es\/#\/schema\/person\/24b4c4993a7d5c4326e21d418bc58e06","name":"SINOVAC","image":{"@type":"ImageObject","inLanguage":"es","@id":"https:\/\/secure.gravatar.com\/avatar\/0b4c1ab482789821b05f40eae6bf231b848259ee264adaa61e7b521d48216666?s=96&d=mm&r=g","url":"https:\/\/secure.gravatar.com\/avatar\/0b4c1ab482789821b05f40eae6bf231b848259ee264adaa61e7b521d48216666?s=96&d=mm&r=g","contentUrl":"https:\/\/secure.gravatar.com\/avatar\/0b4c1ab482789821b05f40eae6bf231b848259ee264adaa61e7b521d48216666?s=96&d=mm&r=g","caption":"SINOVAC"}}]}},"_links":{"self":[{"href":"https:\/\/www.sinovaclatam.com\/es\/wp-json\/wp\/v2\/posts\/2279","targetHints":{"allow":["GET"]}}],"collection":[{"href":"https:\/\/www.sinovaclatam.com\/es\/wp-json\/wp\/v2\/posts"}],"about":[{"href":"https:\/\/www.sinovaclatam.com\/es\/wp-json\/wp\/v2\/types\/post"}],"author":[{"embeddable":true,"href":"https:\/\/www.sinovaclatam.com\/es\/wp-json\/wp\/v2\/users\/5"}],"replies":[{"embeddable":true,"href":"https:\/\/www.sinovaclatam.com\/es\/wp-json\/wp\/v2\/comments?post=2279"}],"version-history":[{"count":15,"href":"https:\/\/www.sinovaclatam.com\/es\/wp-json\/wp\/v2\/posts\/2279\/revisions"}],"predecessor-version":[{"id":2331,"href":"https:\/\/www.sinovaclatam.com\/es\/wp-json\/wp\/v2\/posts\/2279\/revisions\/2331"}],"wp:featuredmedia":[{"embeddable":true,"href":"https:\/\/www.sinovaclatam.com\/es\/wp-json\/wp\/v2\/media\/2281"}],"wp:attachment":[{"href":"https:\/\/www.sinovaclatam.com\/es\/wp-json\/wp\/v2\/media?parent=2279"}],"wp:term":[{"taxonomy":"category","embeddable":true,"href":"https:\/\/www.sinovaclatam.com\/es\/wp-json\/wp\/v2\/categories?post=2279"},{"taxonomy":"post_tag","embeddable":true,"href":"https:\/\/www.sinovaclatam.com\/es\/wp-json\/wp\/v2\/tags?post=2279"}],"curies":[{"name":"wp","href":"https:\/\/api.w.org\/{rel}","templated":true}]}}