{"id":2302,"date":"2025-11-27T15:28:31","date_gmt":"2025-11-27T18:28:31","guid":{"rendered":"https:\/\/www.sinovaclatam.com\/?p=2302"},"modified":"2025-12-17T15:24:57","modified_gmt":"2025-12-17T18:24:57","slug":"sinovac-e-tecpar-dao-inicio-aos-trabalhos-para-producao-de-vacinas","status":"publish","type":"post","link":"https:\/\/www.sinovaclatam.com\/es\/sinovac-e-tecpar-dao-inicio-aos-trabalhos-para-producao-de-vacinas\/","title":{"rendered":"SINOVAC e Tecpar iniciam trabalhos para produ\u00e7\u00e3o de vacinas"},"content":{"rendered":"\n<p>Encontro no Paran\u00e1 contou com a presen\u00e7a do <em>vice-presidente da SINOVAC para a Am\u00e9rica Latina, Weining Meng<\/em> <em>e delega\u00e7\u00e3o<\/em><\/p>\n\n\n\n<p>Foi dada a largada para a parceria que ir\u00e1 resultar no fortalecimento do sistema de sa\u00fade p\u00fablico brasileiro! <\/p>\n\n\n\n<p>Aconteceu em 25 de novembro de 2025 a primeira reuni\u00e3o de trabalho entre a SINOVAC e o Instituto de Tecnologia do Paran\u00e1 (Tecpar), em Curitiba. Um dia ap\u00f3s <a href=\"https:\/\/www.sinovaclatam.com\/sinovac-oficializa-chegada-ao-brasil-com-assinatura-de-duas-pdps-que-fortalecem-a-producao-nacional-de-vacinas\/\">formaliza\u00e7\u00e3o do contrato com o Minist\u00e9rio da Sa\u00fade<\/a> para fornecimento de vacinas para o Sistema \u00danico de Sa\u00fade (SUS), a SINOVAC e o Tecpar iniciaram o projeto para a produ\u00e7\u00e3o conjunta de vacinas contra a raiva humana.<\/p>\n\n\n\n<figure class=\"wp-block-image size-large\"><img loading=\"lazy\" decoding=\"async\" width=\"1024\" height=\"683\" src=\"https:\/\/www.sinovaclatam.com\/wp-content\/uploads\/2025\/11\/tecpar_-_sinovac_16-1024x683.jpg\" alt=\"\" class=\"wp-image-2303\" srcset=\"https:\/\/www.sinovaclatam.com\/wp-content\/uploads\/2025\/11\/tecpar_-_sinovac_16-1024x683.jpg 1024w, https:\/\/www.sinovaclatam.com\/wp-content\/uploads\/2025\/11\/tecpar_-_sinovac_16-300x200.jpg 300w, https:\/\/www.sinovaclatam.com\/wp-content\/uploads\/2025\/11\/tecpar_-_sinovac_16-768x512.jpg 768w, https:\/\/www.sinovaclatam.com\/wp-content\/uploads\/2025\/11\/tecpar_-_sinovac_16-1536x1024.jpg 1536w, https:\/\/www.sinovaclatam.com\/wp-content\/uploads\/2025\/11\/tecpar_-_sinovac_16-2048x1365.jpg 2048w\" sizes=\"auto, (max-width: 1024px) 100vw, 1024px\" \/><figcaption class=\"wp-element-caption\"><em>SINOVAC e Tecpar iniciam trabalhos para a produ\u00e7\u00e3o de vacinas. Foto: Hedeson Alves\/Tecpar<\/em><\/figcaption><\/figure>\n\n\n\n<p><\/p>\n\n\n\n<p><\/p>\n\n\n\n<p>O objetivo do encontro, que marcou o in\u00edcio da parceria, foi conectar as equipes brasileiras e chinesas para come\u00e7ar a avalia\u00e7\u00e3o dos prazos estipulados de transfer\u00eancia de tecnologia e para iniciar as provid\u00eancias do plano de trabalho que ser\u00e1 apresentado ao Minist\u00e9rio da Sa\u00fade no in\u00edcio do pr\u00f3ximo ano.<\/p>\n\n\n<div class=\"wp-block-image\">\n<figure class=\"alignright size-medium\"><img loading=\"lazy\" decoding=\"async\" width=\"300\" height=\"200\" src=\"https:\/\/www.sinovaclatam.com\/wp-content\/uploads\/2025\/11\/tecpar_-_sinovac_3-300x200.jpg\" alt=\"\" class=\"wp-image-2313\" srcset=\"https:\/\/www.sinovaclatam.com\/wp-content\/uploads\/2025\/11\/tecpar_-_sinovac_3-300x200.jpg 300w, https:\/\/www.sinovaclatam.com\/wp-content\/uploads\/2025\/11\/tecpar_-_sinovac_3-1024x683.jpg 1024w, https:\/\/www.sinovaclatam.com\/wp-content\/uploads\/2025\/11\/tecpar_-_sinovac_3-768x512.jpg 768w, https:\/\/www.sinovaclatam.com\/wp-content\/uploads\/2025\/11\/tecpar_-_sinovac_3-1536x1024.jpg 1536w, https:\/\/www.sinovaclatam.com\/wp-content\/uploads\/2025\/11\/tecpar_-_sinovac_3-2048x1365.jpg 2048w\" sizes=\"auto, (max-width: 300px) 100vw, 300px\" \/><figcaption class=\"wp-element-caption\"><em>Reuni\u00e3o na sede do Tecpar marca o in\u00edcio da parceria entre o instituto e a SINOVAC. Foto: Hedeson Alves, Tecpar.<\/em><\/figcaption><\/figure>\n<\/div>\n\n\n<p>\u201cVamos trabalhar em todo o planejamento para entregar os produtos da PDP o mais r\u00e1pido poss\u00edvel para a sociedade brasileira\u201d, afirmou Dimas Covas, cientista-chefe e pesquisa e desenvolvimento da SINOVAC. \u201cO mundo tem enfrentado falta de algumas vacinas que vamos suprir com a nossa parceria, que \u00e9 importante para o Tecpar, que volta a produzir vacinas humanas, e para o Paran\u00e1\u201d, enfatizou.<\/p>\n\n\n\n<p>A inten\u00e7\u00e3o \u00e9 que as vacinas contempladas na PDP sejam fabricadas em Maring\u00e1. No m\u00eas de novembro, a obra de implanta\u00e7\u00e3o da infraestrutura do Parque Tecnol\u00f3gico Industrial da Sa\u00fade do Tecpar na cidade alcan\u00e7ou 50% de execu\u00e7\u00e3o e segue avan\u00e7ando com a expectativa de ser finalizada at\u00e9 2026.<\/p>\n\n\n\n<p>\u201cO Tecpar vai ser o \u00fanico e exclusivo fornecedor da vacina de raiva humana no Brasil. Hoje \u00e9 in\u00edcio de uma grande parceria de sucesso, que reafirma o papel de laborat\u00f3rio p\u00fablico oficial do instituto e coloca o Paran\u00e1 entre os principais produtores de vacinas para a sa\u00fade humana no pa\u00eds\u201d, afirmou o\u00a0diretor-presidente do instituto, Eduardo Marafon.<\/p>\n\n\n\n<figure class=\"wp-block-image size-large\"><img loading=\"lazy\" decoding=\"async\" width=\"1024\" height=\"683\" src=\"https:\/\/www.sinovaclatam.com\/wp-content\/uploads\/2025\/11\/tecpar_-_sinovac_19-1024x683.jpg\" alt=\"\" class=\"wp-image-2316\" srcset=\"https:\/\/www.sinovaclatam.com\/wp-content\/uploads\/2025\/11\/tecpar_-_sinovac_19-1024x683.jpg 1024w, https:\/\/www.sinovaclatam.com\/wp-content\/uploads\/2025\/11\/tecpar_-_sinovac_19-300x200.jpg 300w, https:\/\/www.sinovaclatam.com\/wp-content\/uploads\/2025\/11\/tecpar_-_sinovac_19-768x512.jpg 768w, https:\/\/www.sinovaclatam.com\/wp-content\/uploads\/2025\/11\/tecpar_-_sinovac_19-1536x1024.jpg 1536w, https:\/\/www.sinovaclatam.com\/wp-content\/uploads\/2025\/11\/tecpar_-_sinovac_19-2048x1365.jpg 2048w\" sizes=\"auto, (max-width: 1024px) 100vw, 1024px\" \/><figcaption class=\"wp-element-caption\"><em>Delega\u00e7\u00f5es da SINOVAC e do Tecpar reunidas em Curitiba: parceria s\u00f3lida. Foto: Hedeson Alves, Tecpar.<\/em><\/figcaption><\/figure>\n\n\n\n<p><\/p>\n","protected":false},"excerpt":{"rendered":"<p>Encontro no Paran\u00e1 contou com a presen\u00e7a do vice-presidente da SINOVAC para a Am\u00e9rica Latina, Weining Meng e delega\u00e7\u00e3o Foi dada a largada para a parceria que ir\u00e1 resultar no fortalecimento do sistema de sa\u00fade p\u00fablico brasileiro! Aconteceu em 25 de novembro de 2025 a primeira reuni\u00e3o de trabalho entre a SINOVAC e o Instituto<\/p>\n","protected":false},"author":5,"featured_media":2316,"comment_status":"closed","ping_status":"closed","sticky":false,"template":"","format":"standard","meta":{"_acf_changed":false,"footnotes":""},"categories":[13,1,12],"tags":[35,34,26,28,33,29],"class_list":["post-2302","post","type-post","status-publish","format-standard","has-post-thumbnail","hentry","category-brasil","category-nao-categorizado","category-sinovac","tag-dimas-covas","tag-producao-de-vacinas","tag-sinovac","tag-tecpar","tag-vacina","tag-weining-meng"],"acf":[],"yoast_head":"<!-- This site is optimized with the Yoast SEO plugin v27.4 - https:\/\/yoast.com\/product\/yoast-seo-wordpress\/ -->\n<title>SINOVAC e Tecpar iniciam trabalhos para produ\u00e7\u00e3o de vacinas - SINOVAC LATAM<\/title>\n<meta name=\"robots\" content=\"index, follow, max-snippet:-1, max-image-preview:large, max-video-preview:-1\" \/>\n<link rel=\"canonical\" href=\"https:\/\/www.sinovaclatam.com\/es\/sinovac-e-tecpar-dao-inicio-aos-trabalhos-para-producao-de-vacinas\/\" \/>\n<meta property=\"og:locale\" content=\"es_ES\" \/>\n<meta property=\"og:type\" content=\"article\" \/>\n<meta property=\"og:title\" content=\"SINOVAC e Tecpar iniciam trabalhos para produ\u00e7\u00e3o de vacinas - SINOVAC LATAM\" \/>\n<meta property=\"og:description\" content=\"Encontro no Paran\u00e1 contou com a presen\u00e7a do vice-presidente da SINOVAC para a Am\u00e9rica Latina, Weining Meng e delega\u00e7\u00e3o Foi dada a largada para a parceria que ir\u00e1 resultar no fortalecimento do sistema de sa\u00fade p\u00fablico brasileiro! Aconteceu em 25 de novembro de 2025 a primeira reuni\u00e3o de trabalho entre a SINOVAC e o Instituto\" \/>\n<meta property=\"og:url\" content=\"https:\/\/www.sinovaclatam.com\/es\/sinovac-e-tecpar-dao-inicio-aos-trabalhos-para-producao-de-vacinas\/\" \/>\n<meta property=\"og:site_name\" content=\"SINOVAC LATAM\" \/>\n<meta property=\"article:published_time\" content=\"2025-11-27T18:28:31+00:00\" \/>\n<meta property=\"article:modified_time\" content=\"2025-12-17T18:24:57+00:00\" \/>\n<meta property=\"og:image\" content=\"https:\/\/www.sinovaclatam.com\/wp-content\/uploads\/2025\/11\/tecpar_-_sinovac_19-scaled.jpg\" \/>\n\t<meta property=\"og:image:width\" content=\"2560\" \/>\n\t<meta property=\"og:image:height\" content=\"1707\" \/>\n\t<meta property=\"og:image:type\" content=\"image\/jpeg\" \/>\n<meta name=\"author\" content=\"SINOVAC\" \/>\n<meta name=\"twitter:card\" content=\"summary_large_image\" \/>\n<meta name=\"twitter:label1\" content=\"Escrito por\" \/>\n\t<meta name=\"twitter:data1\" content=\"SINOVAC\" \/>\n\t<meta name=\"twitter:label2\" content=\"Tiempo de lectura\" \/>\n\t<meta name=\"twitter:data2\" content=\"3 minutos\" \/>\n<script type=\"application\/ld+json\" class=\"yoast-schema-graph\">{\"@context\":\"https:\\\/\\\/schema.org\",\"@graph\":[{\"@type\":\"Article\",\"@id\":\"https:\\\/\\\/www.sinovaclatam.com\\\/es\\\/sinovac-e-tecpar-dao-inicio-aos-trabalhos-para-producao-de-vacinas\\\/#article\",\"isPartOf\":{\"@id\":\"https:\\\/\\\/www.sinovaclatam.com\\\/es\\\/sinovac-e-tecpar-dao-inicio-aos-trabalhos-para-producao-de-vacinas\\\/\"},\"author\":{\"name\":\"SINOVAC\",\"@id\":\"https:\\\/\\\/www.sinovaclatam.com\\\/es\\\/#\\\/schema\\\/person\\\/24b4c4993a7d5c4326e21d418bc58e06\"},\"headline\":\"SINOVAC e Tecpar iniciam trabalhos para produ\u00e7\u00e3o de vacinas\",\"datePublished\":\"2025-11-27T18:28:31+00:00\",\"dateModified\":\"2025-12-17T18:24:57+00:00\",\"mainEntityOfPage\":{\"@id\":\"https:\\\/\\\/www.sinovaclatam.com\\\/es\\\/sinovac-e-tecpar-dao-inicio-aos-trabalhos-para-producao-de-vacinas\\\/\"},\"wordCount\":412,\"image\":{\"@id\":\"https:\\\/\\\/www.sinovaclatam.com\\\/es\\\/sinovac-e-tecpar-dao-inicio-aos-trabalhos-para-producao-de-vacinas\\\/#primaryimage\"},\"thumbnailUrl\":\"https:\\\/\\\/www.sinovaclatam.com\\\/wp-content\\\/uploads\\\/2025\\\/11\\\/tecpar_-_sinovac_19-scaled.jpg\",\"keywords\":[\"DIMAS COVAS\",\"PRODU\u00c7\u00c3O DE VACINAS\",\"SINOVAC\",\"TECPAR\",\"VACINA\",\"Weining Meng\"],\"articleSection\":[\"Brasil\",\"N\u00e3o categorizado\",\"SINOVAC\"],\"inLanguage\":\"es\"},{\"@type\":\"WebPage\",\"@id\":\"https:\\\/\\\/www.sinovaclatam.com\\\/es\\\/sinovac-e-tecpar-dao-inicio-aos-trabalhos-para-producao-de-vacinas\\\/\",\"url\":\"https:\\\/\\\/www.sinovaclatam.com\\\/es\\\/sinovac-e-tecpar-dao-inicio-aos-trabalhos-para-producao-de-vacinas\\\/\",\"name\":\"SINOVAC e Tecpar iniciam trabalhos para produ\u00e7\u00e3o de vacinas - SINOVAC LATAM\",\"isPartOf\":{\"@id\":\"https:\\\/\\\/www.sinovaclatam.com\\\/es\\\/#website\"},\"primaryImageOfPage\":{\"@id\":\"https:\\\/\\\/www.sinovaclatam.com\\\/es\\\/sinovac-e-tecpar-dao-inicio-aos-trabalhos-para-producao-de-vacinas\\\/#primaryimage\"},\"image\":{\"@id\":\"https:\\\/\\\/www.sinovaclatam.com\\\/es\\\/sinovac-e-tecpar-dao-inicio-aos-trabalhos-para-producao-de-vacinas\\\/#primaryimage\"},\"thumbnailUrl\":\"https:\\\/\\\/www.sinovaclatam.com\\\/wp-content\\\/uploads\\\/2025\\\/11\\\/tecpar_-_sinovac_19-scaled.jpg\",\"datePublished\":\"2025-11-27T18:28:31+00:00\",\"dateModified\":\"2025-12-17T18:24:57+00:00\",\"author\":{\"@id\":\"https:\\\/\\\/www.sinovaclatam.com\\\/es\\\/#\\\/schema\\\/person\\\/24b4c4993a7d5c4326e21d418bc58e06\"},\"breadcrumb\":{\"@id\":\"https:\\\/\\\/www.sinovaclatam.com\\\/es\\\/sinovac-e-tecpar-dao-inicio-aos-trabalhos-para-producao-de-vacinas\\\/#breadcrumb\"},\"inLanguage\":\"es\",\"potentialAction\":[{\"@type\":\"ReadAction\",\"target\":[\"https:\\\/\\\/www.sinovaclatam.com\\\/es\\\/sinovac-e-tecpar-dao-inicio-aos-trabalhos-para-producao-de-vacinas\\\/\"]}]},{\"@type\":\"ImageObject\",\"inLanguage\":\"es\",\"@id\":\"https:\\\/\\\/www.sinovaclatam.com\\\/es\\\/sinovac-e-tecpar-dao-inicio-aos-trabalhos-para-producao-de-vacinas\\\/#primaryimage\",\"url\":\"https:\\\/\\\/www.sinovaclatam.com\\\/wp-content\\\/uploads\\\/2025\\\/11\\\/tecpar_-_sinovac_19-scaled.jpg\",\"contentUrl\":\"https:\\\/\\\/www.sinovaclatam.com\\\/wp-content\\\/uploads\\\/2025\\\/11\\\/tecpar_-_sinovac_19-scaled.jpg\",\"width\":2560,\"height\":1707,\"caption\":\"CURITIBA; 25\\\/11\\\/25; Diretor Presidente Eduardo Marafron recebe comitiva da empresa chinesa Sinovac no TECPAR; Foto: Hedeson Alves\\\/TECPAR\"},{\"@type\":\"BreadcrumbList\",\"@id\":\"https:\\\/\\\/www.sinovaclatam.com\\\/es\\\/sinovac-e-tecpar-dao-inicio-aos-trabalhos-para-producao-de-vacinas\\\/#breadcrumb\",\"itemListElement\":[{\"@type\":\"ListItem\",\"position\":1,\"name\":\"In\u00edcio\",\"item\":\"https:\\\/\\\/www.sinovaclatam.com\\\/es\\\/\"},{\"@type\":\"ListItem\",\"position\":2,\"name\":\"SINOVAC e Tecpar iniciam trabalhos para produ\u00e7\u00e3o de vacinas\"}]},{\"@type\":\"WebSite\",\"@id\":\"https:\\\/\\\/www.sinovaclatam.com\\\/es\\\/#website\",\"url\":\"https:\\\/\\\/www.sinovaclatam.com\\\/es\\\/\",\"name\":\"Sinovac LATAM\",\"description\":\"\",\"potentialAction\":[{\"@type\":\"SearchAction\",\"target\":{\"@type\":\"EntryPoint\",\"urlTemplate\":\"https:\\\/\\\/www.sinovaclatam.com\\\/es\\\/?s={search_term_string}\"},\"query-input\":{\"@type\":\"PropertyValueSpecification\",\"valueRequired\":true,\"valueName\":\"search_term_string\"}}],\"inLanguage\":\"es\"},{\"@type\":\"Person\",\"@id\":\"https:\\\/\\\/www.sinovaclatam.com\\\/es\\\/#\\\/schema\\\/person\\\/24b4c4993a7d5c4326e21d418bc58e06\",\"name\":\"SINOVAC\",\"image\":{\"@type\":\"ImageObject\",\"inLanguage\":\"es\",\"@id\":\"https:\\\/\\\/secure.gravatar.com\\\/avatar\\\/0b4c1ab482789821b05f40eae6bf231b848259ee264adaa61e7b521d48216666?s=96&d=mm&r=g\",\"url\":\"https:\\\/\\\/secure.gravatar.com\\\/avatar\\\/0b4c1ab482789821b05f40eae6bf231b848259ee264adaa61e7b521d48216666?s=96&d=mm&r=g\",\"contentUrl\":\"https:\\\/\\\/secure.gravatar.com\\\/avatar\\\/0b4c1ab482789821b05f40eae6bf231b848259ee264adaa61e7b521d48216666?s=96&d=mm&r=g\",\"caption\":\"SINOVAC\"}}]}<\/script>\n<!-- \/ Yoast SEO plugin. -->","yoast_head_json":{"title":"SINOVAC e Tecpar iniciam trabalhos para produ\u00e7\u00e3o de vacinas - SINOVAC LATAM","robots":{"index":"index","follow":"follow","max-snippet":"max-snippet:-1","max-image-preview":"max-image-preview:large","max-video-preview":"max-video-preview:-1"},"canonical":"https:\/\/www.sinovaclatam.com\/es\/sinovac-e-tecpar-dao-inicio-aos-trabalhos-para-producao-de-vacinas\/","og_locale":"es_ES","og_type":"article","og_title":"SINOVAC e Tecpar iniciam trabalhos para produ\u00e7\u00e3o de vacinas - SINOVAC LATAM","og_description":"Encontro no Paran\u00e1 contou com a presen\u00e7a do vice-presidente da SINOVAC para a Am\u00e9rica Latina, Weining Meng e delega\u00e7\u00e3o Foi dada a largada para a parceria que ir\u00e1 resultar no fortalecimento do sistema de sa\u00fade p\u00fablico brasileiro! Aconteceu em 25 de novembro de 2025 a primeira reuni\u00e3o de trabalho entre a SINOVAC e o Instituto","og_url":"https:\/\/www.sinovaclatam.com\/es\/sinovac-e-tecpar-dao-inicio-aos-trabalhos-para-producao-de-vacinas\/","og_site_name":"SINOVAC LATAM","article_published_time":"2025-11-27T18:28:31+00:00","article_modified_time":"2025-12-17T18:24:57+00:00","og_image":[{"width":2560,"height":1707,"url":"https:\/\/www.sinovaclatam.com\/wp-content\/uploads\/2025\/11\/tecpar_-_sinovac_19-scaled.jpg","type":"image\/jpeg"}],"author":"SINOVAC","twitter_card":"summary_large_image","twitter_misc":{"Escrito por":"SINOVAC","Tiempo de lectura":"3 minutos"},"schema":{"@context":"https:\/\/schema.org","@graph":[{"@type":"Article","@id":"https:\/\/www.sinovaclatam.com\/es\/sinovac-e-tecpar-dao-inicio-aos-trabalhos-para-producao-de-vacinas\/#article","isPartOf":{"@id":"https:\/\/www.sinovaclatam.com\/es\/sinovac-e-tecpar-dao-inicio-aos-trabalhos-para-producao-de-vacinas\/"},"author":{"name":"SINOVAC","@id":"https:\/\/www.sinovaclatam.com\/es\/#\/schema\/person\/24b4c4993a7d5c4326e21d418bc58e06"},"headline":"SINOVAC e Tecpar iniciam trabalhos para produ\u00e7\u00e3o de vacinas","datePublished":"2025-11-27T18:28:31+00:00","dateModified":"2025-12-17T18:24:57+00:00","mainEntityOfPage":{"@id":"https:\/\/www.sinovaclatam.com\/es\/sinovac-e-tecpar-dao-inicio-aos-trabalhos-para-producao-de-vacinas\/"},"wordCount":412,"image":{"@id":"https:\/\/www.sinovaclatam.com\/es\/sinovac-e-tecpar-dao-inicio-aos-trabalhos-para-producao-de-vacinas\/#primaryimage"},"thumbnailUrl":"https:\/\/www.sinovaclatam.com\/wp-content\/uploads\/2025\/11\/tecpar_-_sinovac_19-scaled.jpg","keywords":["DIMAS COVAS","PRODU\u00c7\u00c3O DE VACINAS","SINOVAC","TECPAR","VACINA","Weining Meng"],"articleSection":["Brasil","N\u00e3o categorizado","SINOVAC"],"inLanguage":"es"},{"@type":"WebPage","@id":"https:\/\/www.sinovaclatam.com\/es\/sinovac-e-tecpar-dao-inicio-aos-trabalhos-para-producao-de-vacinas\/","url":"https:\/\/www.sinovaclatam.com\/es\/sinovac-e-tecpar-dao-inicio-aos-trabalhos-para-producao-de-vacinas\/","name":"SINOVAC e Tecpar iniciam trabalhos para produ\u00e7\u00e3o de vacinas - SINOVAC LATAM","isPartOf":{"@id":"https:\/\/www.sinovaclatam.com\/es\/#website"},"primaryImageOfPage":{"@id":"https:\/\/www.sinovaclatam.com\/es\/sinovac-e-tecpar-dao-inicio-aos-trabalhos-para-producao-de-vacinas\/#primaryimage"},"image":{"@id":"https:\/\/www.sinovaclatam.com\/es\/sinovac-e-tecpar-dao-inicio-aos-trabalhos-para-producao-de-vacinas\/#primaryimage"},"thumbnailUrl":"https:\/\/www.sinovaclatam.com\/wp-content\/uploads\/2025\/11\/tecpar_-_sinovac_19-scaled.jpg","datePublished":"2025-11-27T18:28:31+00:00","dateModified":"2025-12-17T18:24:57+00:00","author":{"@id":"https:\/\/www.sinovaclatam.com\/es\/#\/schema\/person\/24b4c4993a7d5c4326e21d418bc58e06"},"breadcrumb":{"@id":"https:\/\/www.sinovaclatam.com\/es\/sinovac-e-tecpar-dao-inicio-aos-trabalhos-para-producao-de-vacinas\/#breadcrumb"},"inLanguage":"es","potentialAction":[{"@type":"ReadAction","target":["https:\/\/www.sinovaclatam.com\/es\/sinovac-e-tecpar-dao-inicio-aos-trabalhos-para-producao-de-vacinas\/"]}]},{"@type":"ImageObject","inLanguage":"es","@id":"https:\/\/www.sinovaclatam.com\/es\/sinovac-e-tecpar-dao-inicio-aos-trabalhos-para-producao-de-vacinas\/#primaryimage","url":"https:\/\/www.sinovaclatam.com\/wp-content\/uploads\/2025\/11\/tecpar_-_sinovac_19-scaled.jpg","contentUrl":"https:\/\/www.sinovaclatam.com\/wp-content\/uploads\/2025\/11\/tecpar_-_sinovac_19-scaled.jpg","width":2560,"height":1707,"caption":"CURITIBA; 25\/11\/25; Diretor Presidente Eduardo Marafron recebe comitiva da empresa chinesa Sinovac no TECPAR; Foto: Hedeson Alves\/TECPAR"},{"@type":"BreadcrumbList","@id":"https:\/\/www.sinovaclatam.com\/es\/sinovac-e-tecpar-dao-inicio-aos-trabalhos-para-producao-de-vacinas\/#breadcrumb","itemListElement":[{"@type":"ListItem","position":1,"name":"In\u00edcio","item":"https:\/\/www.sinovaclatam.com\/es\/"},{"@type":"ListItem","position":2,"name":"SINOVAC e Tecpar iniciam trabalhos para produ\u00e7\u00e3o de vacinas"}]},{"@type":"WebSite","@id":"https:\/\/www.sinovaclatam.com\/es\/#website","url":"https:\/\/www.sinovaclatam.com\/es\/","name":"Sinovac LATAM","description":"","potentialAction":[{"@type":"SearchAction","target":{"@type":"EntryPoint","urlTemplate":"https:\/\/www.sinovaclatam.com\/es\/?s={search_term_string}"},"query-input":{"@type":"PropertyValueSpecification","valueRequired":true,"valueName":"search_term_string"}}],"inLanguage":"es"},{"@type":"Person","@id":"https:\/\/www.sinovaclatam.com\/es\/#\/schema\/person\/24b4c4993a7d5c4326e21d418bc58e06","name":"SINOVAC","image":{"@type":"ImageObject","inLanguage":"es","@id":"https:\/\/secure.gravatar.com\/avatar\/0b4c1ab482789821b05f40eae6bf231b848259ee264adaa61e7b521d48216666?s=96&d=mm&r=g","url":"https:\/\/secure.gravatar.com\/avatar\/0b4c1ab482789821b05f40eae6bf231b848259ee264adaa61e7b521d48216666?s=96&d=mm&r=g","contentUrl":"https:\/\/secure.gravatar.com\/avatar\/0b4c1ab482789821b05f40eae6bf231b848259ee264adaa61e7b521d48216666?s=96&d=mm&r=g","caption":"SINOVAC"}}]}},"_links":{"self":[{"href":"https:\/\/www.sinovaclatam.com\/es\/wp-json\/wp\/v2\/posts\/2302","targetHints":{"allow":["GET"]}}],"collection":[{"href":"https:\/\/www.sinovaclatam.com\/es\/wp-json\/wp\/v2\/posts"}],"about":[{"href":"https:\/\/www.sinovaclatam.com\/es\/wp-json\/wp\/v2\/types\/post"}],"author":[{"embeddable":true,"href":"https:\/\/www.sinovaclatam.com\/es\/wp-json\/wp\/v2\/users\/5"}],"replies":[{"embeddable":true,"href":"https:\/\/www.sinovaclatam.com\/es\/wp-json\/wp\/v2\/comments?post=2302"}],"version-history":[{"count":8,"href":"https:\/\/www.sinovaclatam.com\/es\/wp-json\/wp\/v2\/posts\/2302\/revisions"}],"predecessor-version":[{"id":2319,"href":"https:\/\/www.sinovaclatam.com\/es\/wp-json\/wp\/v2\/posts\/2302\/revisions\/2319"}],"wp:featuredmedia":[{"embeddable":true,"href":"https:\/\/www.sinovaclatam.com\/es\/wp-json\/wp\/v2\/media\/2316"}],"wp:attachment":[{"href":"https:\/\/www.sinovaclatam.com\/es\/wp-json\/wp\/v2\/media?parent=2302"}],"wp:term":[{"taxonomy":"category","embeddable":true,"href":"https:\/\/www.sinovaclatam.com\/es\/wp-json\/wp\/v2\/categories?post=2302"},{"taxonomy":"post_tag","embeddable":true,"href":"https:\/\/www.sinovaclatam.com\/es\/wp-json\/wp\/v2\/tags?post=2302"}],"curies":[{"name":"wp","href":"https:\/\/api.w.org\/{rel}","templated":true}]}}